{"id":10614,"date":"2019-07-03T10:42:52","date_gmt":"2019-07-03T16:42:52","guid":{"rendered":"https:\/\/pueblaexpres.com\/portal\/?p=10614"},"modified":"2019-08-10T10:47:03","modified_gmt":"2019-08-10T16:47:03","slug":"espectaculos-proximamente-festival-catrina-4ta-edicion-cartel-de-santa-san-andres-cholula-puebla","status":"publish","type":"post","link":"https:\/\/pueblaexpres.com\/portal\/?p=10614","title":{"rendered":"[Espect\u00e1culos] PR\u00d3XIMAMENTE | Festival CATRINA 4ta edici\u00f3n | CARTEL DE SANTA | San Andr\u00e9s Cholula, Puebla"},"content":{"rendered":"<div name=\"googleone_share_1\" style=\"position:relative;z-index:5;float: right; margin-left: 10px;\"><g:plusone size=\"tall\" count=\"1\" href=\"https:\/\/pueblaexpres.com\/portal\/?p=10614\"><\/g:plusone><\/div><p><a href=\"https:\/\/pueblaexpres.com\/portal\/wp-content\/uploads\/2019\/08\/65913761_441956599731007_2652058776756027392_n.jpg\"><img loading=\"lazy\" decoding=\"async\" class=\"wp-image-10615 aligncenter\" src=\"https:\/\/pueblaexpres.com\/portal\/wp-content\/uploads\/2019\/08\/65913761_441956599731007_2652058776756027392_n.jpg\" alt=\"\" width=\"501\" height=\"574\" srcset=\"https:\/\/pueblaexpres.com\/portal\/wp-content\/uploads\/2019\/08\/65913761_441956599731007_2652058776756027392_n.jpg 720w, https:\/\/pueblaexpres.com\/portal\/wp-content\/uploads\/2019\/08\/65913761_441956599731007_2652058776756027392_n-262x300.jpg 262w, https:\/\/pueblaexpres.com\/portal\/wp-content\/uploads\/2019\/08\/65913761_441956599731007_2652058776756027392_n-640x733.jpg 640w\" sizes=\"(max-width: 501px) 100vw, 501px\" \/><\/a><\/p>\n<p><strong>Redacci\u00f3n | Fotograf\u00eda Cortes\u00eda \/ #PueblaExpres @PueblaExpres<\/strong><\/p>\n<p>PR\u00d3XIMAMENTE Festival Indio Catrina 2019 en su 4ta edici\u00f3n.<\/p>\n<p><a title=\"IMG_0001 [Espect\u00e1culos] PR\u00d3XIMAMENTE | Festival CATRINA 4ta edici\u00f3n | CARTEL DE SANTA | San Andr\u00e9s Cholula, Puebla | Fotograf\u00eda Cortes\u00eda \/ #PueblaExpres @PueblaExpres para Mv Fotograf\u00eda Profesional \/_ Edici\u00f3n y retoque www.pueblaexpres.com\" href=\"https:\/\/www.flickr.com\/photos\/manitas\/48504420677\/in\/album-72157710220926157\/\" data-flickr-embed=\"true\"><img loading=\"lazy\" decoding=\"async\" class=\"aligncenter\" src=\"https:\/\/live.staticflickr.com\/65535\/48504420677_9a00e78167.jpg\" alt=\"IMG_0001 [Espect\u00e1culos] PR\u00d3XIMAMENTE | Festival CATRINA 4ta edici\u00f3n | CARTEL DE SANTA | San Andr\u00e9s Cholula, Puebla | Fotograf\u00eda Cortes\u00eda \/ #PueblaExpres @PueblaExpres para Mv Fotograf\u00eda Profesional \/_ Edici\u00f3n y retoque www.pueblaexpres.com\" width=\"500\" height=\"264\" \/><\/a><script async src=\"\/\/embedr.flickr.com\/assets\/client-code.js\" charset=\"utf-8\"><\/script><\/p>\n<p>Por cuarta vez consecutiva se llevar\u00e1 a cabo el Festival Catrina, un evento que a lo largo de estos a\u00f1os se ha convertido en un referente de nuestro pa\u00eds y se ha consolidado como uno de los shows del 2019.<\/p>\n<p>El \u201cCatrina\u201d, como se le ha adoptado, tiene la intenci\u00f3n de difundir el nuevo talento nacional, as\u00ed como el internacional, por lo que para esta edici\u00f3n se brindar\u00e1 una producci\u00f3n y cartel de primer nivel.<\/p>\n<p><a title=\"IMG_0001 [Espect\u00e1culos] PR\u00d3XIMAMENTE | Festival CATRINA 4ta edici\u00f3n | CARTEL DE SANTA | San Andr\u00e9s Cholula, Puebla | Fotograf\u00eda Cortes\u00eda \/ #PueblaExpres @PueblaExpres para Mv Fotograf\u00eda Profesional \/_ Edici\u00f3n y retoque www.pueblaexpres.com\" href=\"https:\/\/www.flickr.com\/photos\/manitas\/48504420722\/in\/album-72157710220926157\/\" data-flickr-embed=\"true\"><img loading=\"lazy\" decoding=\"async\" class=\"aligncenter\" src=\"https:\/\/live.staticflickr.com\/65535\/48504420722_b655120b42.jpg\" alt=\"IMG_0001 [Espect\u00e1culos] PR\u00d3XIMAMENTE | Festival CATRINA 4ta edici\u00f3n | CARTEL DE SANTA | San Andr\u00e9s Cholula, Puebla | Fotograf\u00eda Cortes\u00eda \/ #PueblaExpres @PueblaExpres para Mv Fotograf\u00eda Profesional \/_ Edici\u00f3n y retoque www.pueblaexpres.com\" width=\"436\" height=\"500\" \/><\/a><script async src=\"\/\/embedr.flickr.com\/assets\/client-code.js\" charset=\"utf-8\"><\/script><\/p>\n<p>Cartel de Santa dir\u00e1 presente en el Festival Catrina<!--more--><\/p>\n<p>El grupo mexicano de hip- hop confirm\u00f3 su asistencia al Festival Catrina en su edici\u00f3n de 2019.<\/p>\n<p><a title=\"IMG_0001 [Espect\u00e1culos] PR\u00d3XIMAMENTE | Festival CATRINA 4ta edici\u00f3n | CARTEL DE SANTA | San Andr\u00e9s Cholula, Puebla | Fotograf\u00eda Cortes\u00eda \/ #PueblaExpres @PueblaExpres para Mv Fotograf\u00eda Profesional \/_ Edici\u00f3n y retoque www.pueblaexpres.com\" href=\"https:\/\/www.flickr.com\/photos\/manitas\/48504420677\/in\/album-72157710220926157\/\" data-flickr-embed=\"true\"><img loading=\"lazy\" decoding=\"async\" class=\"aligncenter\" src=\"https:\/\/live.staticflickr.com\/65535\/48504420677_9a00e78167.jpg\" alt=\"IMG_0001 [Espect\u00e1culos] PR\u00d3XIMAMENTE | Festival CATRINA 4ta edici\u00f3n | CARTEL DE SANTA | San Andr\u00e9s Cholula, Puebla | Fotograf\u00eda Cortes\u00eda \/ #PueblaExpres @PueblaExpres para Mv Fotograf\u00eda Profesional \/_ Edici\u00f3n y retoque www.pueblaexpres.com\" width=\"500\" height=\"264\" \/><\/a><script async src=\"\/\/embedr.flickr.com\/assets\/client-code.js\" charset=\"utf-8\"><\/script><\/p>\n<p>El vocalista Eduardo D\u00e1valos de Luna mejor conocido como \u201cBabo\u201d pondr\u00e1 a rapear junto a Rom\u00e1n Rodr\u00edguez \u201cMono\u201d al p\u00fablico poblano a finales de este a\u00f1o.<\/p>\n<p>Los regiomontanos ser\u00e1n una de las cartas fuertes de esta cuarta edici\u00f3n del festival, ya que esta agrupaci\u00f3n se ha hecho del afecto de los fans al rap &#8211; hip hop y al trap con canciones como \u201cTodos mueren por mi\u201d \u201cPerros\u201d y la \u201cLlamada\u201d.<\/p>\n<p><a title=\"IMG_0001 [Espect\u00e1culos] PR\u00d3XIMAMENTE | Festival CATRINA 4ta edici\u00f3n | CARTEL DE SANTA | San Andr\u00e9s Cholula, Puebla | Fotograf\u00eda Cortes\u00eda \/ #PueblaExpres @PueblaExpres para Mv Fotograf\u00eda Profesional \/_ Edici\u00f3n y retoque www.pueblaexpres.com\" href=\"https:\/\/www.flickr.com\/photos\/manitas\/48504420722\/in\/album-72157710220926157\/\" data-flickr-embed=\"true\"><img loading=\"lazy\" decoding=\"async\" class=\"aligncenter\" src=\"https:\/\/live.staticflickr.com\/65535\/48504420722_b655120b42.jpg\" alt=\"IMG_0001 [Espect\u00e1culos] PR\u00d3XIMAMENTE | Festival CATRINA 4ta edici\u00f3n | CARTEL DE SANTA | San Andr\u00e9s Cholula, Puebla | Fotograf\u00eda Cortes\u00eda \/ #PueblaExpres @PueblaExpres para Mv Fotograf\u00eda Profesional \/_ Edici\u00f3n y retoque www.pueblaexpres.com\" width=\"436\" height=\"500\" \/><\/a><script async src=\"\/\/embedr.flickr.com\/assets\/client-code.js\" charset=\"utf-8\"><\/script><\/p>\n<p>Para ver a \u201cEl cartel de Santa\u201d y el resto de los artistas que se presentar\u00e1n en el Festival Catrina puedes adquirir tus boletos en el sistema e ticket.<\/p>\n<p>Liga para adquirir boletos https:\/\/www.eticket.mx\/eventos.aspx?idartista=1321 verificar costos actualizados , as\u00ed como costo de emisi\u00f3n y servicios por parte de E-Ticket<\/p>\n<p><a title=\"IMG_0001 [Espect\u00e1culos] PR\u00d3XIMAMENTE | Festival CATRINA 4ta edici\u00f3n | CARTEL DE SANTA | San Andr\u00e9s Cholula, Puebla | Fotograf\u00eda Cortes\u00eda \/ #PueblaExpres @PueblaExpres para Mv Fotograf\u00eda Profesional \/_ Edici\u00f3n y retoque www.pueblaexpres.com\" href=\"https:\/\/www.flickr.com\/photos\/manitas\/48504420677\/in\/album-72157710220926157\/\" data-flickr-embed=\"true\"><img loading=\"lazy\" decoding=\"async\" class=\"aligncenter\" src=\"https:\/\/live.staticflickr.com\/65535\/48504420677_9a00e78167.jpg\" alt=\"IMG_0001 [Espect\u00e1culos] PR\u00d3XIMAMENTE | Festival CATRINA 4ta edici\u00f3n | CARTEL DE SANTA | San Andr\u00e9s Cholula, Puebla | Fotograf\u00eda Cortes\u00eda \/ #PueblaExpres @PueblaExpres para Mv Fotograf\u00eda Profesional \/_ Edici\u00f3n y retoque www.pueblaexpres.com\" width=\"500\" height=\"264\" \/><\/a><script async src=\"\/\/embedr.flickr.com\/assets\/client-code.js\" charset=\"utf-8\"><\/script><\/p>\n<p>B*A*C*H*A PROMOTORA ESPECT\u00c1CULOS.<\/p>\n<p>Amigo lector le pedimos contin\u00fae al pendiente de nuestras redes sociales y nuestro portal en la secci\u00f3n ESPECT\u00c1CULOS, ya que en el encontrar\u00e1 los mejores eventos\u2026<\/p>\n<p><a title=\"IMG_0001 [Espect\u00e1culos] PR\u00d3XIMAMENTE | Festival CATRINA 4ta edici\u00f3n | CARTEL DE SANTA | San Andr\u00e9s Cholula, Puebla | Fotograf\u00eda Cortes\u00eda \/ #PueblaExpres @PueblaExpres para Mv Fotograf\u00eda Profesional \/_ Edici\u00f3n y retoque www.pueblaexpres.com\" href=\"https:\/\/www.flickr.com\/photos\/manitas\/48504420677\/in\/album-72157710220926157\/\" data-flickr-embed=\"true\"><img loading=\"lazy\" decoding=\"async\" class=\"aligncenter\" src=\"https:\/\/live.staticflickr.com\/65535\/48504420677_9a00e78167.jpg\" alt=\"IMG_0001 [Espect\u00e1culos] PR\u00d3XIMAMENTE | Festival CATRINA 4ta edici\u00f3n | CARTEL DE SANTA | San Andr\u00e9s Cholula, Puebla | Fotograf\u00eda Cortes\u00eda \/ #PueblaExpres @PueblaExpres para Mv Fotograf\u00eda Profesional \/_ Edici\u00f3n y retoque www.pueblaexpres.com\" width=\"500\" height=\"264\" \/><\/a><script async src=\"\/\/embedr.flickr.com\/assets\/client-code.js\" charset=\"utf-8\"><\/script><\/p>\n<p><strong>LA OPINI\u00d3N EXPRESADA EN ESTA COLUMNA ES RESPONSABILIDAD DE QUIEN LA ESCRIBE Y NO BUSCA GENERAR CONFLICTOS ENTRE LOS INVOLUCRADOS, SINO GENERAR CONCIENCIA EN CADA LECTOR.<\/strong><\/p>\n<p>[miniflickr photoset_id=72157710220926157&amp;sortby=date-posted-asc&amp;per_page=2]<\/p>\n","protected":false},"excerpt":{"rendered":"<p>Redacci\u00f3n | Fotograf\u00eda Cortes\u00eda \/ #PueblaExpres @PueblaExpres PR\u00d3XIMAMENTE Festival Indio Catrina 2019 en su 4ta edici\u00f3n. Por cuarta vez consecutiva se llevar\u00e1 a cabo el Festival Catrina, un evento que a lo largo de estos a\u00f1os se ha convertido en un referente de nuestro pa\u00eds y se ha consolidado como uno de los shows del [&hellip;]<\/p>\n","protected":false},"author":2,"featured_media":10615,"comment_status":"open","ping_status":"open","sticky":false,"template":"","format":"standard","meta":{"footnotes":""},"categories":[8,42,166,170,36,171,1,7],"tags":[],"_links":{"self":[{"href":"https:\/\/pueblaexpres.com\/portal\/index.php?rest_route=\/wp\/v2\/posts\/10614"}],"collection":[{"href":"https:\/\/pueblaexpres.com\/portal\/index.php?rest_route=\/wp\/v2\/posts"}],"about":[{"href":"https:\/\/pueblaexpres.com\/portal\/index.php?rest_route=\/wp\/v2\/types\/post"}],"author":[{"embeddable":true,"href":"https:\/\/pueblaexpres.com\/portal\/index.php?rest_route=\/wp\/v2\/users\/2"}],"replies":[{"embeddable":true,"href":"https:\/\/pueblaexpres.com\/portal\/index.php?rest_route=%2Fwp%2Fv2%2Fcomments&post=10614"}],"version-history":[{"count":1,"href":"https:\/\/pueblaexpres.com\/portal\/index.php?rest_route=\/wp\/v2\/posts\/10614\/revisions"}],"predecessor-version":[{"id":10616,"href":"https:\/\/pueblaexpres.com\/portal\/index.php?rest_route=\/wp\/v2\/posts\/10614\/revisions\/10616"}],"wp:featuredmedia":[{"embeddable":true,"href":"https:\/\/pueblaexpres.com\/portal\/index.php?rest_route=\/wp\/v2\/media\/10615"}],"wp:attachment":[{"href":"https:\/\/pueblaexpres.com\/portal\/index.php?rest_route=%2Fwp%2Fv2%2Fmedia&parent=10614"}],"wp:term":[{"taxonomy":"category","embeddable":true,"href":"https:\/\/pueblaexpres.com\/portal\/index.php?rest_route=%2Fwp%2Fv2%2Fcategories&post=10614"},{"taxonomy":"post_tag","embeddable":true,"href":"https:\/\/pueblaexpres.com\/portal\/index.php?rest_route=%2Fwp%2Fv2%2Ftags&post=10614"}],"curies":[{"name":"wp","href":"https:\/\/api.w.org\/{rel}","templated":true}]}}