{"id":10611,"date":"2019-06-06T10:25:40","date_gmt":"2019-06-06T16:25:40","guid":{"rendered":"https:\/\/pueblaexpres.com\/portal\/?p=10611"},"modified":"2019-08-10T10:30:26","modified_gmt":"2019-08-10T16:30:26","slug":"espectaculos-proximamente-festival-catrina-4ta-edicion-la-casa-azul-san-andres-cholula-puebla","status":"publish","type":"post","link":"https:\/\/pueblaexpres.com\/portal\/?p=10611","title":{"rendered":"[Espect\u00e1culos] PR\u00d3XIMAMENTE | Festival CATRINA 4ta edici\u00f3n | LA CASA AZUL | San Andr\u00e9s Cholula, Puebla"},"content":{"rendered":"<div name=\"googleone_share_1\" style=\"position:relative;z-index:5;float: right; margin-left: 10px;\"><g:plusone size=\"tall\" count=\"1\" href=\"https:\/\/pueblaexpres.com\/portal\/?p=10611\"><\/g:plusone><\/div><p><a href=\"https:\/\/pueblaexpres.com\/portal\/wp-content\/uploads\/2019\/08\/61936476_2289474504600782_2446531629431128064_n.jpg\"><img loading=\"lazy\" decoding=\"async\" class=\"wp-image-10612 aligncenter\" src=\"https:\/\/pueblaexpres.com\/portal\/wp-content\/uploads\/2019\/08\/61936476_2289474504600782_2446531629431128064_n.jpg\" alt=\"\" width=\"501\" height=\"568\" srcset=\"https:\/\/pueblaexpres.com\/portal\/wp-content\/uploads\/2019\/08\/61936476_2289474504600782_2446531629431128064_n.jpg 720w, https:\/\/pueblaexpres.com\/portal\/wp-content\/uploads\/2019\/08\/61936476_2289474504600782_2446531629431128064_n-265x300.jpg 265w, https:\/\/pueblaexpres.com\/portal\/wp-content\/uploads\/2019\/08\/61936476_2289474504600782_2446531629431128064_n-640x725.jpg 640w\" sizes=\"(max-width: 501px) 100vw, 501px\" \/><\/a><\/p>\n<p><strong>Redacci\u00f3n | Fotograf\u00eda Cortes\u00eda \/ #PueblaExpres @PueblaExpres<\/strong><\/p>\n<p>PR\u00d3XIMAMENTE Festival Indio Catrina 2019 en su 4ta edici\u00f3n.<\/p>\n<p><a title=\"IMG_0001 [Espect\u00e1culos] PR\u00d3XIMAMENTE | Festival CATRINA 4ta edici\u00f3n | LA CASA AZUL | San Andr\u00e9s Cholula, Puebla | Fotograf\u00eda Cortes\u00eda \/ #PueblaExpres @PueblaExpres para Mv Fotograf\u00eda Profesional \/_ Edici\u00f3n y retoque www.pueblaexpres.com\" href=\"https:\/\/www.flickr.com\/photos\/manitas\/48504294557\/in\/dateposted-public\/\" data-flickr-embed=\"true\"><img loading=\"lazy\" decoding=\"async\" class=\"aligncenter\" src=\"https:\/\/live.staticflickr.com\/65535\/48504294557_40dca4a428.jpg\" alt=\"IMG_0001 [Espect\u00e1culos] PR\u00d3XIMAMENTE | Festival CATRINA 4ta edici\u00f3n | LA CASA AZUL | San Andr\u00e9s Cholula, Puebla | Fotograf\u00eda Cortes\u00eda \/ #PueblaExpres @PueblaExpres para Mv Fotograf\u00eda Profesional \/_ Edici\u00f3n y retoque www.pueblaexpres.com\" width=\"500\" height=\"264\" \/><\/a><script async src=\"\/\/embedr.flickr.com\/assets\/client-code.js\" charset=\"utf-8\"><\/script><\/p>\n<p>Por cuarta vez consecutiva se llevar\u00e1 a cabo el Festival Catrina, un evento que a lo largo de estos a\u00f1os se ha convertido en un referente de nuestro pa\u00eds y se ha consolidado como uno de los shows del 2019.<\/p>\n<p>El \u201cCatrina\u201d, como se le ha adoptado, tiene la intenci\u00f3n de difundir el nuevo talento nacional, as\u00ed como el internacional, por lo que para esta edici\u00f3n se brindar\u00e1 una producci\u00f3n y cartel de primer nivel.<\/p>\n<p><a title=\"IMG_0001 [Espect\u00e1culos] PR\u00d3XIMAMENTE | Festival CATRINA 4ta edici\u00f3n | LA CASA AZUL | San Andr\u00e9s Cholula, Puebla | Fotograf\u00eda Cortes\u00eda \/ #PueblaExpres @PueblaExpres para Mv Fotograf\u00eda Profesional \/_ Edici\u00f3n y retoque www.pueblaexpres.com\" href=\"https:\/\/www.flickr.com\/photos\/manitas\/48504125896\/in\/dateposted-public\/\" data-flickr-embed=\"true\"><img loading=\"lazy\" decoding=\"async\" class=\"aligncenter\" src=\"https:\/\/live.staticflickr.com\/65535\/48504125896_62dd8b9e8c.jpg\" alt=\"IMG_0001 [Espect\u00e1culos] PR\u00d3XIMAMENTE | Festival CATRINA 4ta edici\u00f3n | LA CASA AZUL | San Andr\u00e9s Cholula, Puebla | Fotograf\u00eda Cortes\u00eda \/ #PueblaExpres @PueblaExpres para Mv Fotograf\u00eda Profesional \/_ Edici\u00f3n y retoque www.pueblaexpres.com\" width=\"441\" height=\"500\" \/><\/a><script async src=\"\/\/embedr.flickr.com\/assets\/client-code.js\" charset=\"utf-8\"><\/script><\/p>\n<p>La Casa Azul llegar\u00e1 a Puebla por Primera Vez<!--more--><\/p>\n<p>La banda espa\u00f1ola de electro pop ser\u00e1 una de las novedades de la cuarta edici\u00f3n del Festival Catrina.<\/p>\n<p><a title=\"IMG_0001 [Espect\u00e1culos] PR\u00d3XIMAMENTE | Festival CATRINA 4ta edici\u00f3n | LA CASA AZUL | San Andr\u00e9s Cholula, Puebla | Fotograf\u00eda Cortes\u00eda \/ #PueblaExpres @PueblaExpres para Mv Fotograf\u00eda Profesional \/_ Edici\u00f3n y retoque www.pueblaexpres.com\" href=\"https:\/\/www.flickr.com\/photos\/manitas\/48504294557\/in\/dateposted-public\/\" data-flickr-embed=\"true\"><img loading=\"lazy\" decoding=\"async\" class=\"aligncenter\" src=\"https:\/\/live.staticflickr.com\/65535\/48504294557_40dca4a428.jpg\" alt=\"IMG_0001 [Espect\u00e1culos] PR\u00d3XIMAMENTE | Festival CATRINA 4ta edici\u00f3n | LA CASA AZUL | San Andr\u00e9s Cholula, Puebla | Fotograf\u00eda Cortes\u00eda \/ #PueblaExpres @PueblaExpres para Mv Fotograf\u00eda Profesional \/_ Edici\u00f3n y retoque www.pueblaexpres.com\" width=\"500\" height=\"264\" \/><\/a><script async src=\"\/\/embedr.flickr.com\/assets\/client-code.js\" charset=\"utf-8\"><\/script><\/p>\n<p>El grupo liderado por Guille Milkyway ha confirmado su presencia en el cartel del Festival Catrina 2019 por lo que ser\u00e1 la primera vez que esta agrupaci\u00f3n formada en 1997 toque en suelo mexicano y sin duda ser\u00e1 un gran atractivo en esta edici\u00f3n a celebrarse el pr\u00f3ximo 7 de Diciembre.<\/p>\n<p>Bajo la producci\u00f3n de su \u00faltimo \u00e1lbum \u201cLa Gran esfera\u201d que incluye sus \u00faltimos sencillos \u201cEl Momento\u201d, \u201cAtaraxia\u201d y \u201cNunca Nadie Pudo Volar\u201d, el ganador del Goya en 2010, Guille Milkyway pondr\u00e1 el toque espa\u00f1ol de indie pop y rock alternativo al festival.<\/p>\n<p><a title=\"IMG_0001 [Espect\u00e1culos] PR\u00d3XIMAMENTE | Festival CATRINA 4ta edici\u00f3n | LA CASA AZUL | San Andr\u00e9s Cholula, Puebla | Fotograf\u00eda Cortes\u00eda \/ #PueblaExpres @PueblaExpres para Mv Fotograf\u00eda Profesional \/_ Edici\u00f3n y retoque www.pueblaexpres.com\" href=\"https:\/\/www.flickr.com\/photos\/manitas\/48504125896\/in\/dateposted-public\/\" data-flickr-embed=\"true\"><img loading=\"lazy\" decoding=\"async\" class=\"aligncenter\" src=\"https:\/\/live.staticflickr.com\/65535\/48504125896_62dd8b9e8c.jpg\" alt=\"IMG_0001 [Espect\u00e1culos] PR\u00d3XIMAMENTE | Festival CATRINA 4ta edici\u00f3n | LA CASA AZUL | San Andr\u00e9s Cholula, Puebla | Fotograf\u00eda Cortes\u00eda \/ #PueblaExpres @PueblaExpres para Mv Fotograf\u00eda Profesional \/_ Edici\u00f3n y retoque www.pueblaexpres.com\" width=\"441\" height=\"500\" \/><\/a><script async src=\"\/\/embedr.flickr.com\/assets\/client-code.js\" charset=\"utf-8\"><\/script><\/p>\n<p>Para ver a \u201cLa Casa Azul\u201d y el resto de los artistas que se presentar\u00e1n en el Festival Catrina puedes adquirir tus boletos en el sistema e ticket.<\/p>\n<p>Liga para adquirir boletos https:\/\/www.eticket.mx\/eventos.aspx?idartista=1321 verificar costos actualizados , as\u00ed como costo de emisi\u00f3n y servicios por parte de E-Ticket<\/p>\n<p><a title=\"IMG_0001 [Espect\u00e1culos] PR\u00d3XIMAMENTE | Festival CATRINA 4ta edici\u00f3n | LA CASA AZUL | San Andr\u00e9s Cholula, Puebla | Fotograf\u00eda Cortes\u00eda \/ #PueblaExpres @PueblaExpres para Mv Fotograf\u00eda Profesional \/_ Edici\u00f3n y retoque www.pueblaexpres.com\" href=\"https:\/\/www.flickr.com\/photos\/manitas\/48504294557\/in\/dateposted-public\/\" data-flickr-embed=\"true\"><img loading=\"lazy\" decoding=\"async\" class=\"aligncenter\" src=\"https:\/\/live.staticflickr.com\/65535\/48504294557_40dca4a428.jpg\" alt=\"IMG_0001 [Espect\u00e1culos] PR\u00d3XIMAMENTE | Festival CATRINA 4ta edici\u00f3n | LA CASA AZUL | San Andr\u00e9s Cholula, Puebla | Fotograf\u00eda Cortes\u00eda \/ #PueblaExpres @PueblaExpres para Mv Fotograf\u00eda Profesional \/_ Edici\u00f3n y retoque www.pueblaexpres.com\" width=\"500\" height=\"264\" \/><\/a><script async src=\"\/\/embedr.flickr.com\/assets\/client-code.js\" charset=\"utf-8\"><\/script><\/p>\n<p>B*A*C*H*A PROMOTORA ESPECT\u00c1CULOS.<\/p>\n<p>Amigo lector le pedimos contin\u00fae al pendiente de nuestras redes sociales y nuestro portal en la secci\u00f3n ESPECT\u00c1CULOS, ya que en el encontrar\u00e1 los mejores eventos\u2026<\/p>\n<p><a title=\"IMG_0001 [Espect\u00e1culos] PR\u00d3XIMAMENTE | Festival CATRINA 4ta edici\u00f3n | LA CASA AZUL | San Andr\u00e9s Cholula, Puebla | Fotograf\u00eda Cortes\u00eda \/ #PueblaExpres @PueblaExpres para Mv Fotograf\u00eda Profesional \/_ Edici\u00f3n y retoque www.pueblaexpres.com\" href=\"https:\/\/www.flickr.com\/photos\/manitas\/48504125896\/in\/dateposted-public\/\" data-flickr-embed=\"true\"><img loading=\"lazy\" decoding=\"async\" class=\"aligncenter\" src=\"https:\/\/live.staticflickr.com\/65535\/48504125896_62dd8b9e8c.jpg\" alt=\"IMG_0001 [Espect\u00e1culos] PR\u00d3XIMAMENTE | Festival CATRINA 4ta edici\u00f3n | LA CASA AZUL | San Andr\u00e9s Cholula, Puebla | Fotograf\u00eda Cortes\u00eda \/ #PueblaExpres @PueblaExpres para Mv Fotograf\u00eda Profesional \/_ Edici\u00f3n y retoque www.pueblaexpres.com\" width=\"441\" height=\"500\" \/><\/a><script async src=\"\/\/embedr.flickr.com\/assets\/client-code.js\" charset=\"utf-8\"><\/script><\/p>\n<p><strong>LA OPINI\u00d3N EXPRESADA EN ESTA COLUMNA ES RESPONSABILIDAD DE QUIEN LA ESCRIBE Y NO BUSCA GENERAR CONFLICTOS ENTRE LOS INVOLUCRADOS, SINO GENERAR CONCIENCIA EN CADA LECTOR.<\/strong><\/p>\n<p>[miniflickr photoset_id=72157710219619611&amp;sortby=date-posted-asc&amp;per_page=2]<\/p>\n","protected":false},"excerpt":{"rendered":"<p>Redacci\u00f3n | Fotograf\u00eda Cortes\u00eda \/ #PueblaExpres @PueblaExpres PR\u00d3XIMAMENTE Festival Indio Catrina 2019 en su 4ta edici\u00f3n. Por cuarta vez consecutiva se llevar\u00e1 a cabo el Festival Catrina, un evento que a lo largo de estos a\u00f1os se ha convertido en un referente de nuestro pa\u00eds y se ha consolidado como uno de los shows del [&hellip;]<\/p>\n","protected":false},"author":2,"featured_media":10612,"comment_status":"open","ping_status":"open","sticky":false,"template":"","format":"standard","meta":{"footnotes":""},"categories":[8,42,166,170,36,171,1,7],"tags":[],"_links":{"self":[{"href":"https:\/\/pueblaexpres.com\/portal\/index.php?rest_route=\/wp\/v2\/posts\/10611"}],"collection":[{"href":"https:\/\/pueblaexpres.com\/portal\/index.php?rest_route=\/wp\/v2\/posts"}],"about":[{"href":"https:\/\/pueblaexpres.com\/portal\/index.php?rest_route=\/wp\/v2\/types\/post"}],"author":[{"embeddable":true,"href":"https:\/\/pueblaexpres.com\/portal\/index.php?rest_route=\/wp\/v2\/users\/2"}],"replies":[{"embeddable":true,"href":"https:\/\/pueblaexpres.com\/portal\/index.php?rest_route=%2Fwp%2Fv2%2Fcomments&post=10611"}],"version-history":[{"count":1,"href":"https:\/\/pueblaexpres.com\/portal\/index.php?rest_route=\/wp\/v2\/posts\/10611\/revisions"}],"predecessor-version":[{"id":10613,"href":"https:\/\/pueblaexpres.com\/portal\/index.php?rest_route=\/wp\/v2\/posts\/10611\/revisions\/10613"}],"wp:featuredmedia":[{"embeddable":true,"href":"https:\/\/pueblaexpres.com\/portal\/index.php?rest_route=\/wp\/v2\/media\/10612"}],"wp:attachment":[{"href":"https:\/\/pueblaexpres.com\/portal\/index.php?rest_route=%2Fwp%2Fv2%2Fmedia&parent=10611"}],"wp:term":[{"taxonomy":"category","embeddable":true,"href":"https:\/\/pueblaexpres.com\/portal\/index.php?rest_route=%2Fwp%2Fv2%2Fcategories&post=10611"},{"taxonomy":"post_tag","embeddable":true,"href":"https:\/\/pueblaexpres.com\/portal\/index.php?rest_route=%2Fwp%2Fv2%2Ftags&post=10611"}],"curies":[{"name":"wp","href":"https:\/\/api.w.org\/{rel}","templated":true}]}}