{"id":10608,"date":"2019-06-17T10:01:30","date_gmt":"2019-06-17T16:01:30","guid":{"rendered":"https:\/\/pueblaexpres.com\/portal\/?p=10608"},"modified":"2019-08-10T10:05:34","modified_gmt":"2019-08-10T16:05:34","slug":"espectaculos-proximamente-festival-catrina-4ta-edicion-aterciopelados-san-andres-cholula-puebla","status":"publish","type":"post","link":"https:\/\/pueblaexpres.com\/portal\/?p=10608","title":{"rendered":"[Espect\u00e1culos] PR\u00d3XIMAMENTE | Festival CATRINA 4ta edici\u00f3n | ATERCIOPELADOS | San Andr\u00e9s Cholula, Puebla"},"content":{"rendered":"<div name=\"googleone_share_1\" style=\"position:relative;z-index:5;float: right; margin-left: 10px;\"><g:plusone size=\"tall\" count=\"1\" href=\"https:\/\/pueblaexpres.com\/portal\/?p=10608\"><\/g:plusone><\/div><p><a href=\"https:\/\/pueblaexpres.com\/portal\/wp-content\/uploads\/2019\/08\/64407193_2356589307735124_8083724504002465358_n.jpg\"><img loading=\"lazy\" decoding=\"async\" class=\"wp-image-10609 aligncenter\" src=\"https:\/\/pueblaexpres.com\/portal\/wp-content\/uploads\/2019\/08\/64407193_2356589307735124_8083724504002465358_n.jpg\" alt=\"\" width=\"500\" height=\"500\" srcset=\"https:\/\/pueblaexpres.com\/portal\/wp-content\/uploads\/2019\/08\/64407193_2356589307735124_8083724504002465358_n.jpg 720w, https:\/\/pueblaexpres.com\/portal\/wp-content\/uploads\/2019\/08\/64407193_2356589307735124_8083724504002465358_n-150x150.jpg 150w, https:\/\/pueblaexpres.com\/portal\/wp-content\/uploads\/2019\/08\/64407193_2356589307735124_8083724504002465358_n-300x300.jpg 300w, https:\/\/pueblaexpres.com\/portal\/wp-content\/uploads\/2019\/08\/64407193_2356589307735124_8083724504002465358_n-640x640.jpg 640w\" sizes=\"(max-width: 500px) 100vw, 500px\" \/><\/a><\/p>\n<p><strong>Redacci\u00f3n | Fotograf\u00eda Cortes\u00eda \/ #PueblaExpres @PueblaExpres<\/strong><\/p>\n<p>PR\u00d3XIMAMENTE Festival Indio Catrina 2019 en su 4ta edici\u00f3n.<\/p>\n<p><a title=\"IMG_0001 [Espect\u00e1culos] PR\u00d3XIMAMENTE | Festival CATRINA 4ta edici\u00f3n | ATERCIOPELADOS | San Andr\u00e9s Cholula, Puebla | Fotograf\u00eda Cortes\u00eda \/ #PueblaExpres @PueblaExpres para Mv Fotograf\u00eda Profesional \/_ Edici\u00f3n y retoque www.pueblaexpres.com\" href=\"https:\/\/www.flickr.com\/photos\/manitas\/48503961996\/in\/dateposted-public\/\" data-flickr-embed=\"true\"><img loading=\"lazy\" decoding=\"async\" class=\"aligncenter\" src=\"https:\/\/live.staticflickr.com\/65535\/48503961996_46c127d1c9.jpg\" alt=\"IMG_0001 [Espect\u00e1culos] PR\u00d3XIMAMENTE | Festival CATRINA 4ta edici\u00f3n | ATERCIOPELADOS | San Andr\u00e9s Cholula, Puebla | Fotograf\u00eda Cortes\u00eda \/ #PueblaExpres @PueblaExpres para Mv Fotograf\u00eda Profesional \/_ Edici\u00f3n y retoque www.pueblaexpres.com\" width=\"500\" height=\"264\" \/><\/a><script async src=\"\/\/embedr.flickr.com\/assets\/client-code.js\" charset=\"utf-8\"><\/script><\/p>\n<p>Por cuarta vez consecutiva se llevar\u00e1 a cabo el Festival Catrina, un evento que a lo largo de estos a\u00f1os se ha convertido en un referente de nuestro pa\u00eds y se ha consolidado como uno de los shows del 2019.<\/p>\n<p>El \u201cCatrina\u201d, como se le ha adoptado, tiene la intenci\u00f3n de difundir el nuevo talento nacional, as\u00ed como el internacional, por lo que para esta edici\u00f3n se brindar\u00e1 una producci\u00f3n y cartel de primer nivel.<\/p>\n<p><a title=\"IMG_0001 [Espect\u00e1culos] PR\u00d3XIMAMENTE | Festival CATRINA 4ta edici\u00f3n | ATERCIOPELADOS | San Andr\u00e9s Cholula, Puebla | Fotograf\u00eda Cortes\u00eda \/ #PueblaExpres @PueblaExpres para Mv Fotograf\u00eda Profesional \/_ Edici\u00f3n y retoque www.pueblaexpres.com\" href=\"https:\/\/www.flickr.com\/photos\/manitas\/48503962046\/in\/dateposted-public\/\" data-flickr-embed=\"true\"><img loading=\"lazy\" decoding=\"async\" class=\"aligncenter\" src=\"https:\/\/live.staticflickr.com\/65535\/48503962046_30b28149b8.jpg\" alt=\"IMG_0001 [Espect\u00e1culos] PR\u00d3XIMAMENTE | Festival CATRINA 4ta edici\u00f3n | ATERCIOPELADOS | San Andr\u00e9s Cholula, Puebla | Fotograf\u00eda Cortes\u00eda \/ #PueblaExpres @PueblaExpres para Mv Fotograf\u00eda Profesional \/_ Edici\u00f3n y retoque www.pueblaexpres.com\" width=\"497\" height=\"497\" \/><\/a><script async src=\"\/\/embedr.flickr.com\/assets\/client-code.js\" charset=\"utf-8\"><\/script><\/p>\n<p>Aterciopelados pondr\u00e1 el ritmo colombiano en el Indio Catrina 2019 La banda colombiana estar\u00e1 presente en la cuarta edici\u00f3n del Festival Catrina 2019 que sigue consolid\u00e1ndose en los eventos musicales m\u00e1s importantes de M\u00e9xico.<br \/>\nA ritmo de Rock alternativo, los cafetaleros se reencontrar\u00e1n con su p\u00fablico poblano el pr\u00f3ximo 7 de Diciembre.<!--more--><\/p>\n<p>Andrea Echeverri y H\u00e9ctor Buitrago se presentar\u00e1n en Puebla como parte de su Claroscura Tour 2019 que tambi\u00e9n visitar\u00e1 ciudades de Estados Unidos como Nueva York, Tampa y Los \u00c1ngeles, as\u00ed como pa\u00edses Latinoam\u00e9rica como Costa Rica y Uruguay.<\/p>\n<p><a title=\"IMG_0001 [Espect\u00e1culos] PR\u00d3XIMAMENTE | Festival CATRINA 4ta edici\u00f3n | ATERCIOPELADOS | San Andr\u00e9s Cholula, Puebla | Fotograf\u00eda Cortes\u00eda \/ #PueblaExpres @PueblaExpres para Mv Fotograf\u00eda Profesional \/_ Edici\u00f3n y retoque www.pueblaexpres.com\" href=\"https:\/\/www.flickr.com\/photos\/manitas\/48503961996\/in\/dateposted-public\/\" data-flickr-embed=\"true\"><img loading=\"lazy\" decoding=\"async\" class=\"aligncenter\" src=\"https:\/\/live.staticflickr.com\/65535\/48503961996_46c127d1c9.jpg\" alt=\"IMG_0001 [Espect\u00e1culos] PR\u00d3XIMAMENTE | Festival CATRINA 4ta edici\u00f3n | ATERCIOPELADOS | San Andr\u00e9s Cholula, Puebla | Fotograf\u00eda Cortes\u00eda \/ #PueblaExpres @PueblaExpres para Mv Fotograf\u00eda Profesional \/_ Edici\u00f3n y retoque www.pueblaexpres.com\" width=\"500\" height=\"264\" \/><\/a><script async src=\"\/\/embedr.flickr.com\/assets\/client-code.js\" charset=\"utf-8\"><\/script><\/p>\n<p>Esta banda conformada en 1990 se ha abierto camino en la m\u00fasica internacional gracias a su estilo que combina el Rock alternativo y sus letras de protesta sumado al folclore de su tierra.<\/p>\n<p>No te pierdas la oportunidad de ver a los Aterciopelados y muchos m\u00e1s artistas en el Festival Catrina.<\/p>\n<p><a title=\"IMG_0001 [Espect\u00e1culos] PR\u00d3XIMAMENTE | Festival CATRINA 4ta edici\u00f3n | ATERCIOPELADOS | San Andr\u00e9s Cholula, Puebla | Fotograf\u00eda Cortes\u00eda \/ #PueblaExpres @PueblaExpres para Mv Fotograf\u00eda Profesional \/_ Edici\u00f3n y retoque www.pueblaexpres.com\" href=\"https:\/\/www.flickr.com\/photos\/manitas\/48503962046\/in\/dateposted-public\/\" data-flickr-embed=\"true\"><img loading=\"lazy\" decoding=\"async\" class=\"aligncenter\" src=\"https:\/\/live.staticflickr.com\/65535\/48503962046_30b28149b8.jpg\" alt=\"IMG_0001 [Espect\u00e1culos] PR\u00d3XIMAMENTE | Festival CATRINA 4ta edici\u00f3n | ATERCIOPELADOS | San Andr\u00e9s Cholula, Puebla | Fotograf\u00eda Cortes\u00eda \/ #PueblaExpres @PueblaExpres para Mv Fotograf\u00eda Profesional \/_ Edici\u00f3n y retoque www.pueblaexpres.com\" width=\"500\" height=\"500\" \/><\/a><script async src=\"\/\/embedr.flickr.com\/assets\/client-code.js\" charset=\"utf-8\"><\/script><\/p>\n<p>Liga para adquirir boletos https:\/\/www.eticket.mx\/eventos.aspx?idartista=1321 verificar costos actualizados , as\u00ed como costo de emisi\u00f3n y servicios por parte de E-Ticket<\/p>\n<p>B*A*C*H*A PROMOTORA ESPECT\u00c1CULOS.<\/p>\n<p><a title=\"IMG_0001 [Espect\u00e1culos] PR\u00d3XIMAMENTE | Festival CATRINA 4ta edici\u00f3n | ATERCIOPELADOS | San Andr\u00e9s Cholula, Puebla | Fotograf\u00eda Cortes\u00eda \/ #PueblaExpres @PueblaExpres para Mv Fotograf\u00eda Profesional \/_ Edici\u00f3n y retoque www.pueblaexpres.com\" href=\"https:\/\/www.flickr.com\/photos\/manitas\/48503961996\/in\/dateposted-public\/\" data-flickr-embed=\"true\"><img loading=\"lazy\" decoding=\"async\" class=\"aligncenter\" src=\"https:\/\/live.staticflickr.com\/65535\/48503961996_46c127d1c9.jpg\" alt=\"IMG_0001 [Espect\u00e1culos] PR\u00d3XIMAMENTE | Festival CATRINA 4ta edici\u00f3n | ATERCIOPELADOS | San Andr\u00e9s Cholula, Puebla | Fotograf\u00eda Cortes\u00eda \/ #PueblaExpres @PueblaExpres para Mv Fotograf\u00eda Profesional \/_ Edici\u00f3n y retoque www.pueblaexpres.com\" width=\"500\" height=\"264\" \/><\/a><script async src=\"\/\/embedr.flickr.com\/assets\/client-code.js\" charset=\"utf-8\"><\/script><\/p>\n<p>Amigo lector le pedimos contin\u00fae al pendiente de nuestras redes sociales y nuestro portal en la secci\u00f3n ESPECT\u00c1CULOS, ya que en el encontrar\u00e1 los mejores eventos\u2026<\/p>\n<p><strong>LA OPINI\u00d3N EXPRESADA EN ESTA COLUMNA ES RESPONSABILIDAD DE QUIEN LA ESCRIBE Y NO BUSCA GENERAR CONFLICTOS ENTRE LOS INVOLUCRADOS, SINO GENERAR CONCIENCIA EN CADA LECTOR.<\/strong><\/p>\n<p>[miniflickr photoset_id=72157710219205411&amp;sortby=date-posted-asc&amp;per_page=2]<\/p>\n","protected":false},"excerpt":{"rendered":"<p>Redacci\u00f3n | Fotograf\u00eda Cortes\u00eda \/ #PueblaExpres @PueblaExpres PR\u00d3XIMAMENTE Festival Indio Catrina 2019 en su 4ta edici\u00f3n. Por cuarta vez consecutiva se llevar\u00e1 a cabo el Festival Catrina, un evento que a lo largo de estos a\u00f1os se ha convertido en un referente de nuestro pa\u00eds y se ha consolidado como uno de los shows del [&hellip;]<\/p>\n","protected":false},"author":2,"featured_media":10609,"comment_status":"open","ping_status":"open","sticky":false,"template":"","format":"standard","meta":{"footnotes":""},"categories":[8,42,166,170,36,171,1,7],"tags":[],"_links":{"self":[{"href":"https:\/\/pueblaexpres.com\/portal\/index.php?rest_route=\/wp\/v2\/posts\/10608"}],"collection":[{"href":"https:\/\/pueblaexpres.com\/portal\/index.php?rest_route=\/wp\/v2\/posts"}],"about":[{"href":"https:\/\/pueblaexpres.com\/portal\/index.php?rest_route=\/wp\/v2\/types\/post"}],"author":[{"embeddable":true,"href":"https:\/\/pueblaexpres.com\/portal\/index.php?rest_route=\/wp\/v2\/users\/2"}],"replies":[{"embeddable":true,"href":"https:\/\/pueblaexpres.com\/portal\/index.php?rest_route=%2Fwp%2Fv2%2Fcomments&post=10608"}],"version-history":[{"count":1,"href":"https:\/\/pueblaexpres.com\/portal\/index.php?rest_route=\/wp\/v2\/posts\/10608\/revisions"}],"predecessor-version":[{"id":10610,"href":"https:\/\/pueblaexpres.com\/portal\/index.php?rest_route=\/wp\/v2\/posts\/10608\/revisions\/10610"}],"wp:featuredmedia":[{"embeddable":true,"href":"https:\/\/pueblaexpres.com\/portal\/index.php?rest_route=\/wp\/v2\/media\/10609"}],"wp:attachment":[{"href":"https:\/\/pueblaexpres.com\/portal\/index.php?rest_route=%2Fwp%2Fv2%2Fmedia&parent=10608"}],"wp:term":[{"taxonomy":"category","embeddable":true,"href":"https:\/\/pueblaexpres.com\/portal\/index.php?rest_route=%2Fwp%2Fv2%2Fcategories&post=10608"},{"taxonomy":"post_tag","embeddable":true,"href":"https:\/\/pueblaexpres.com\/portal\/index.php?rest_route=%2Fwp%2Fv2%2Ftags&post=10608"}],"curies":[{"name":"wp","href":"https:\/\/api.w.org\/{rel}","templated":true}]}}