{"id":10592,"date":"2019-08-03T15:06:19","date_gmt":"2019-08-03T21:06:19","guid":{"rendered":"https:\/\/pueblaexpres.com\/portal\/?p=10592"},"modified":"2019-08-03T15:06:19","modified_gmt":"2019-08-03T21:06:19","slug":"ta-2019-2020-j03-liga-categoria-sub-17-club-puebla-vs-chivas-complejo-deportivo-los-olivos-liga-bbva-mx","status":"publish","type":"post","link":"https:\/\/pueblaexpres.com\/portal\/?p=10592","title":{"rendered":"[TA 2019-2020 \/ J03 LIGA] Categor\u00eda SUB 17 | Club Puebla vs Chivas | Complejo Deportivo Los Olivos | Liga BBVA MX"},"content":{"rendered":"<div name=\"googleone_share_1\" style=\"position:relative;z-index:5;float: right; margin-left: 10px;\"><g:plusone size=\"tall\" count=\"1\" href=\"https:\/\/pueblaexpres.com\/portal\/?p=10592\"><\/g:plusone><\/div><p><a href=\"https:\/\/pueblaexpres.com\/portal\/wp-content\/uploads\/2019\/08\/MVF_0989.jpg\"><img loading=\"lazy\" decoding=\"async\" class=\"wp-image-10593 aligncenter\" src=\"https:\/\/pueblaexpres.com\/portal\/wp-content\/uploads\/2019\/08\/MVF_0989.jpg\" alt=\"\" width=\"498\" height=\"332\" srcset=\"https:\/\/pueblaexpres.com\/portal\/wp-content\/uploads\/2019\/08\/MVF_0989.jpg 800w, https:\/\/pueblaexpres.com\/portal\/wp-content\/uploads\/2019\/08\/MVF_0989-300x200.jpg 300w, https:\/\/pueblaexpres.com\/portal\/wp-content\/uploads\/2019\/08\/MVF_0989-768x512.jpg 768w, https:\/\/pueblaexpres.com\/portal\/wp-content\/uploads\/2019\/08\/MVF_0989-640x426.jpg 640w\" sizes=\"(max-width: 498px) 100vw, 498px\" \/><\/a><\/p>\n<p><strong>Redacci\u00f3n | Fotograf\u00edas Mara Gonz\u00e1lez @MaraGlez_BTR \/ Lyz Vega @lyz_vega \/ Sa\u00fal S\u00e1nchez \/ Axel Petlacalco \/ Manuel Vela @Mv_ManuelVela #PueblaExpres @PueblaExpres<\/strong><\/p>\n<p>En el marco de la jornada 03 del Apertura 2019-2020 del Torneo de Fuerzas B\u00e1sicas Sub 17 de la LIGA BBVA MX<\/p>\n<p><a title=\"MVF_1576 [TA 2019-2020 \/ J03 LIGA] Categor\u00eda SUB 17 | Club Puebla vs Chivas | Complejo Deportivo Los Olivos | Liga BBVA MX | Fotograf\u00edas Mara Gonz\u00e1lez \/ Axel Petlacalco \/ Manuel Vela \/ www.pueblaexpres.com\" href=\"https:\/\/www.flickr.com\/photos\/manitas\/48448539081\/in\/dateposted-public\/\" data-flickr-embed=\"true\"><img loading=\"lazy\" decoding=\"async\" class=\"aligncenter\" src=\"https:\/\/live.staticflickr.com\/65535\/48448539081_b85652fd01.jpg\" alt=\"MVF_1576 [TA 2019-2020 \/ J03 LIGA] Categor\u00eda SUB 17 | Club Puebla vs Chivas | Complejo Deportivo Los Olivos | Liga BBVA MX | Fotograf\u00edas Mara Gonz\u00e1lez \/ Axel Petlacalco \/ Manuel Vela \/ www.pueblaexpres.com\" width=\"500\" height=\"333\" \/><\/a><script async src=\"\/\/embedr.flickr.com\/assets\/client-code.js\" charset=\"utf-8\"><\/script><\/p>\n<p>Partido celebrado en la grama del Complejo Deportivo Los Olivos en la Ciudad de Puebla.<\/p>\n<p>El partido<\/p>\n<p><a title=\"IMGL1020 [TA 2019-2020 \/ J03 LIGA] Categor\u00eda SUB 17 | Club Puebla vs Chivas | Complejo Deportivo Los Olivos | Liga BBVA MX | Fotograf\u00edas Mara Gonz\u00e1lez \/ Axel Petlacalco \/ Manuel Vela \/ www.pueblaexpres.com\" href=\"https:\/\/www.flickr.com\/photos\/manitas\/48448539641\/in\/dateposted-public\/\" data-flickr-embed=\"true\"><img loading=\"lazy\" decoding=\"async\" class=\"aligncenter\" src=\"https:\/\/live.staticflickr.com\/65535\/48448539641_b274d64c56.jpg\" alt=\"IMGL1020 [TA 2019-2020 \/ J03 LIGA] Categor\u00eda SUB 17 | Club Puebla vs Chivas | Complejo Deportivo Los Olivos | Liga BBVA MX | Fotograf\u00edas Mara Gonz\u00e1lez \/ Axel Petlacalco \/ Manuel Vela \/ www.pueblaexpres.com\" width=\"500\" height=\"333\" \/><\/a><script async src=\"\/\/embedr.flickr.com\/assets\/client-code.js\" charset=\"utf-8\"><\/script><\/p>\n<p>El Club Puebla cay\u00f3 derrotado dos goles por uno ante las Chivas en partido correspondiente a la Jornada 03.<\/p>\n<p>Por las Chivas al minuto 05 N\u00e9stor D\u00edaz casaca 240 y Ever Corona casaca 239 al 68 de tiempo corrido.<!--more--><\/p>\n<p><a title=\"MVF_1302 [TA 2019-2020 \/ J03 LIGA] Categor\u00eda SUB 17 | Club Puebla vs Chivas | Complejo Deportivo Los Olivos | Liga BBVA MX | Fotograf\u00edas Mara Gonz\u00e1lez \/ Axel Petlacalco \/ Manuel Vela \/ www.pueblaexpres.com\" href=\"https:\/\/www.flickr.com\/photos\/manitas\/48448698987\/in\/dateposted-public\/\" data-flickr-embed=\"true\"><img loading=\"lazy\" decoding=\"async\" class=\"aligncenter\" src=\"https:\/\/live.staticflickr.com\/65535\/48448698987_d70c301383.jpg\" alt=\"MVF_1302 [TA 2019-2020 \/ J03 LIGA] Categor\u00eda SUB 17 | Club Puebla vs Chivas | Complejo Deportivo Los Olivos | Liga BBVA MX | Fotograf\u00edas Mara Gonz\u00e1lez \/ Axel Petlacalco \/ Manuel Vela \/ www.pueblaexpres.com\" width=\"500\" height=\"333\" \/><\/a><script async src=\"\/\/embedr.flickr.com\/assets\/client-code.js\" charset=\"utf-8\"><\/script><\/p>\n<p>Mientras que por los locales al minuto 56 Josu\u00e9 Rivera casaca 246 pon\u00eda n\u00fameros al marcador.<\/p>\n<p>Con este resultado, La Franja lleg\u00f3 a un punto coloc\u00e1ndose en la posici\u00f3n d\u00e9cimo s\u00e9ptima, mientras que las Chivas se encuentran en la primera posici\u00f3n con diez puntos.<\/p>\n<p><a title=\"MVF_1872 [TA 2019-2020 \/ J03 LIGA] Categor\u00eda SUB 17 | Club Puebla vs Chivas | Complejo Deportivo Los Olivos | Liga BBVA MX | Fotograf\u00edas Mara Gonz\u00e1lez \/ Axel Petlacalco \/ Manuel Vela \/ www.pueblaexpres.com\" href=\"https:\/\/www.flickr.com\/photos\/manitas\/48448698767\/in\/dateposted-public\/\" data-flickr-embed=\"true\"><img loading=\"lazy\" decoding=\"async\" class=\"aligncenter\" src=\"https:\/\/live.staticflickr.com\/65535\/48448698767_5e19cbf717.jpg\" alt=\"MVF_1872 [TA 2019-2020 \/ J03 LIGA] Categor\u00eda SUB 17 | Club Puebla vs Chivas | Complejo Deportivo Los Olivos | Liga BBVA MX | Fotograf\u00edas Mara Gonz\u00e1lez \/ Axel Petlacalco \/ Manuel Vela \/ www.pueblaexpres.com\" width=\"500\" height=\"333\" \/><\/a><script async src=\"\/\/embedr.flickr.com\/assets\/client-code.js\" charset=\"utf-8\"><\/script><\/p>\n<p>En la Fecha 4, los poblanos visitan al Club Santos Laguna; Chivas recibir\u00e1 al Atl\u00e9tico San Luis.<\/p>\n<p><strong>LA OPINI\u00d3N EXPRESADA EN ESTA COLUMNA ES RESPONSABILIDAD DE QUIEN LA ESCRIBE Y NO BUSCA GENERAR CONFLICTOS ENTRE LOS INVOLUCRADOS, SINO GENERAR CONCIENCIA EN CADA LECTOR.<\/strong><\/p>\n<p>[miniflickr photoset_id=72157710076053542&amp;sortby=date-posted-asc&amp;per_page=28]<\/p>\n","protected":false},"excerpt":{"rendered":"<p>Redacci\u00f3n | Fotograf\u00edas Mara Gonz\u00e1lez @MaraGlez_BTR \/ Lyz Vega @lyz_vega \/ Sa\u00fal S\u00e1nchez \/ Axel Petlacalco \/ Manuel Vela @Mv_ManuelVela #PueblaExpres @PueblaExpres En el marco de la jornada 03 del Apertura 2019-2020 del Torneo de Fuerzas B\u00e1sicas Sub 17 de la LIGA BBVA MX Partido celebrado en la grama del Complejo Deportivo Los Olivos en [&hellip;]<\/p>\n","protected":false},"author":2,"featured_media":10593,"comment_status":"open","ping_status":"open","sticky":false,"template":"","format":"standard","meta":{"footnotes":""},"categories":[8,42,166,79,13,3,171,1,7],"tags":[],"_links":{"self":[{"href":"https:\/\/pueblaexpres.com\/portal\/index.php?rest_route=\/wp\/v2\/posts\/10592"}],"collection":[{"href":"https:\/\/pueblaexpres.com\/portal\/index.php?rest_route=\/wp\/v2\/posts"}],"about":[{"href":"https:\/\/pueblaexpres.com\/portal\/index.php?rest_route=\/wp\/v2\/types\/post"}],"author":[{"embeddable":true,"href":"https:\/\/pueblaexpres.com\/portal\/index.php?rest_route=\/wp\/v2\/users\/2"}],"replies":[{"embeddable":true,"href":"https:\/\/pueblaexpres.com\/portal\/index.php?rest_route=%2Fwp%2Fv2%2Fcomments&post=10592"}],"version-history":[{"count":1,"href":"https:\/\/pueblaexpres.com\/portal\/index.php?rest_route=\/wp\/v2\/posts\/10592\/revisions"}],"predecessor-version":[{"id":10594,"href":"https:\/\/pueblaexpres.com\/portal\/index.php?rest_route=\/wp\/v2\/posts\/10592\/revisions\/10594"}],"wp:featuredmedia":[{"embeddable":true,"href":"https:\/\/pueblaexpres.com\/portal\/index.php?rest_route=\/wp\/v2\/media\/10593"}],"wp:attachment":[{"href":"https:\/\/pueblaexpres.com\/portal\/index.php?rest_route=%2Fwp%2Fv2%2Fmedia&parent=10592"}],"wp:term":[{"taxonomy":"category","embeddable":true,"href":"https:\/\/pueblaexpres.com\/portal\/index.php?rest_route=%2Fwp%2Fv2%2Fcategories&post=10592"},{"taxonomy":"post_tag","embeddable":true,"href":"https:\/\/pueblaexpres.com\/portal\/index.php?rest_route=%2Fwp%2Fv2%2Ftags&post=10592"}],"curies":[{"name":"wp","href":"https:\/\/api.w.org\/{rel}","templated":true}]}}