{"id":10496,"date":"2019-07-02T20:21:19","date_gmt":"2019-07-03T02:21:19","guid":{"rendered":"https:\/\/pueblaexpres.com\/portal\/?p=10496"},"modified":"2019-07-02T20:21:19","modified_gmt":"2019-07-03T02:21:19","slug":"partido-internacional-celebracion-75-aniversario-club-puebla-vs-real-betis-balompie-28-de-julio-1200-horas-estadio-cuauhtemoc","status":"publish","type":"post","link":"https:\/\/pueblaexpres.com\/portal\/?p=10496","title":{"rendered":"[PARTIDO INTERNACIONAL] Celebraci\u00f3n 75 Aniversario | Club Puebla vs Real Betis Balompi\u00e9 | 28 de julio 12:00 horas | Estadio Cuauht\u00e9moc"},"content":{"rendered":"<div name=\"googleone_share_1\" style=\"position:relative;z-index:5;float: right; margin-left: 10px;\"><g:plusone size=\"tall\" count=\"1\" href=\"https:\/\/pueblaexpres.com\/portal\/?p=10496\"><\/g:plusone><\/div><p><a href=\"https:\/\/pueblaexpres.com\/portal\/wp-content\/uploads\/2019\/07\/MVF_2554.jpg\"><img loading=\"lazy\" decoding=\"async\" class=\"wp-image-10497 aligncenter\" src=\"https:\/\/pueblaexpres.com\/portal\/wp-content\/uploads\/2019\/07\/MVF_2554.jpg\" alt=\"\" width=\"500\" height=\"281\" srcset=\"https:\/\/pueblaexpres.com\/portal\/wp-content\/uploads\/2019\/07\/MVF_2554.jpg 948w, https:\/\/pueblaexpres.com\/portal\/wp-content\/uploads\/2019\/07\/MVF_2554-300x169.jpg 300w, https:\/\/pueblaexpres.com\/portal\/wp-content\/uploads\/2019\/07\/MVF_2554-768x432.jpg 768w, https:\/\/pueblaexpres.com\/portal\/wp-content\/uploads\/2019\/07\/MVF_2554-640x360.jpg 640w\" sizes=\"(max-width: 500px) 100vw, 500px\" \/><\/a><\/p>\n<p><strong>Redacci\u00f3n | Fotograf\u00edas Mara Gonz\u00e1lez @MaraGlez_BTR \/ Axel Petlacalco \/ Manuel Vela @Mv_ManuelVela #PueblaExpres @PueblaExpres<\/strong><\/p>\n<p>El Club Puebla y el Real Betis Balompi\u00e9 ser\u00e1n los protagonistas del Partido Conmemorativo del 75 Aniversario que se llevar\u00e1 a cabo el domingo 28 de julio a las 12 del d\u00eda en el Estadio Cuauht\u00e9moc.<\/p>\n<p><a title=\"IMG_3357 [PARTIDO INTERNACIONAL] Celebraci\u00f3n 75 Aniversario | Club Puebla vs Real Betis Balompi\u00e9 | 28 de julio 12:00 horas | Estadio Cuauht\u00e9moc | Fotograf\u00edas Mara Gonz\u00e1lez \/ Manuel Vela \/ Axel Petlacalco \/ Edici\u00f3n y retoque www.pueblaexpres.com\" href=\"https:\/\/www.flickr.com\/photos\/manitas\/48184959737\/in\/album-72157709394703937\/\" data-flickr-embed=\"true\"><img loading=\"lazy\" decoding=\"async\" class=\"aligncenter\" src=\"https:\/\/live.staticflickr.com\/65535\/48184959737_f8f21607db.jpg\" alt=\"IMG_3357 [PARTIDO INTERNACIONAL] Celebraci\u00f3n 75 Aniversario | Club Puebla vs Real Betis Balompi\u00e9 | 28 de julio 12:00 horas | Estadio Cuauht\u00e9moc | Fotograf\u00edas Mara Gonz\u00e1lez \/ Manuel Vela \/ Axel Petlacalco \/ Edici\u00f3n y retoque www.pueblaexpres.com\" width=\"500\" height=\"333\" \/><\/a><script async src=\"\/\/embedr.flickr.com\/assets\/client-code.js\" charset=\"utf-8\"><\/script><\/p>\n<p>Como parte fundamental de los festejos, se llevar\u00e1 a cabo este juego que, adem\u00e1s de unir a dos equipos de gran tradici\u00f3n en sus respectivas ligas, fungir\u00e1 como un marco excepcional para rendir homenaje al Puebla Campeon\u00edsimo de la temporada 1989-1990.<\/p>\n<p>Para dicha distinci\u00f3n, se contar\u00e1 con la presencia de leyendas Enfranjadas de aquel conjunto que dio tantas alegr\u00edas como: Jos\u00e9 Manuel \u201cChepo\u201d De la Torre, Jorge \u201cMortero\u201d Aravena, Carlos \u201cB\u00fafalo\u201d Poblete y Javier \u201cCh\u00edcharo\u201d Hern\u00e1ndez.<!--more--><\/p>\n<p><a title=\"MVF_2485 [PARTIDO INTERNACIONAL] Celebraci\u00f3n 75 Aniversario | Club Puebla vs Real Betis Balompi\u00e9 | 28 de julio 12:00 horas | Estadio Cuauht\u00e9moc | Fotograf\u00edas Mara Gonz\u00e1lez \/ Manuel Vela \/ Axel Petlacalco \/ Edici\u00f3n y retoque www.pueblaexpres.com\" href=\"https:\/\/www.flickr.com\/photos\/manitas\/48184898031\/in\/album-72157709394703937\/\" data-flickr-embed=\"true\"><img loading=\"lazy\" decoding=\"async\" class=\"aligncenter\" src=\"https:\/\/live.staticflickr.com\/65535\/48184898031_f23d9d23e0.jpg\" alt=\"MVF_2485 [PARTIDO INTERNACIONAL] Celebraci\u00f3n 75 Aniversario | Club Puebla vs Real Betis Balompi\u00e9 | 28 de julio 12:00 horas | Estadio Cuauht\u00e9moc | Fotograf\u00edas Mara Gonz\u00e1lez \/ Manuel Vela \/ Axel Petlacalco \/ Edici\u00f3n y retoque www.pueblaexpres.com\" width=\"500\" height=\"333\" \/><\/a><script async src=\"\/\/embedr.flickr.com\/assets\/client-code.js\" charset=\"utf-8\"><\/script><\/p>\n<p>Asimismo, vale la pena mencionar que en el cotejo el Club Puebla vestir\u00e1 una playera de gala inspirada en el primer campeonato de Copa, el cual fue obtenido en 1945. Este ser\u00e1 el \u00fanico compromiso en el que el representativo poblano ocupar\u00e1 esta camiseta que ser\u00e1 de edici\u00f3n limitada a 1944 unidades.<\/p>\n<p>Finalmente, como parte de los beneficios y premiando la fidelidad de los abonados anuales para la temporada 2019-2020, se hace el anuncio de que obtendr\u00e1n el 25 por ciento de descuento en el precio de su boleto para este juego hist\u00f3rico, que es motivo de j\u00fabilo para todos los que amamos La Franja.<\/p>\n<p><a title=\"MVF_2522 [PARTIDO INTERNACIONAL] Celebraci\u00f3n 75 Aniversario | Club Puebla vs Real Betis Balompi\u00e9 | 28 de julio 12:00 horas | Estadio Cuauht\u00e9moc | Fotograf\u00edas Mara Gonz\u00e1lez \/ Manuel Vela \/ Axel Petlacalco \/ Edici\u00f3n y retoque www.pueblaexpres.com\" href=\"https:\/\/www.flickr.com\/photos\/manitas\/48184897996\/in\/album-72157709394703937\/\" data-flickr-embed=\"true\"><img loading=\"lazy\" decoding=\"async\" class=\"aligncenter\" src=\"https:\/\/live.staticflickr.com\/65535\/48184897996_d92212eb6d.jpg\" alt=\"MVF_2522 [PARTIDO INTERNACIONAL] Celebraci\u00f3n 75 Aniversario | Club Puebla vs Real Betis Balompi\u00e9 | 28 de julio 12:00 horas | Estadio Cuauht\u00e9moc | Fotograf\u00edas Mara Gonz\u00e1lez \/ Manuel Vela \/ Axel Petlacalco \/ Edici\u00f3n y retoque www.pueblaexpres.com\" width=\"500\" height=\"281\" \/><\/a><script async src=\"\/\/embedr.flickr.com\/assets\/client-code.js\" charset=\"utf-8\"><\/script><\/p>\n<p><strong>LA OPINI\u00d3N EXPRESADA EN ESTA COLUMNA ES RESPONSABILIDAD DE QUIEN LA ESCRIBE Y NO BUSCA GENERAR CONFLICTOS ENTRE LOS INVOLUCRADOS, SINO GENERAR CONCIENCIA EN CADA LECTOR.<\/strong><\/p>\n<p>[miniflickr photoset_id=72157709394703937&amp;sortby=date-posted-asc&amp;per_page=13]<\/p>\n","protected":false},"excerpt":{"rendered":"<p>Redacci\u00f3n | Fotograf\u00edas Mara Gonz\u00e1lez @MaraGlez_BTR \/ Axel Petlacalco \/ Manuel Vela @Mv_ManuelVela #PueblaExpres @PueblaExpres El Club Puebla y el Real Betis Balompi\u00e9 ser\u00e1n los protagonistas del Partido Conmemorativo del 75 Aniversario que se llevar\u00e1 a cabo el domingo 28 de julio a las 12 del d\u00eda en el Estadio Cuauht\u00e9moc. Como parte fundamental de [&hellip;]<\/p>\n","protected":false},"author":2,"featured_media":10497,"comment_status":"open","ping_status":"open","sticky":false,"template":"","format":"standard","meta":{"footnotes":""},"categories":[8,42,166,170,36,13,3,171,1,7],"tags":[],"_links":{"self":[{"href":"https:\/\/pueblaexpres.com\/portal\/index.php?rest_route=\/wp\/v2\/posts\/10496"}],"collection":[{"href":"https:\/\/pueblaexpres.com\/portal\/index.php?rest_route=\/wp\/v2\/posts"}],"about":[{"href":"https:\/\/pueblaexpres.com\/portal\/index.php?rest_route=\/wp\/v2\/types\/post"}],"author":[{"embeddable":true,"href":"https:\/\/pueblaexpres.com\/portal\/index.php?rest_route=\/wp\/v2\/users\/2"}],"replies":[{"embeddable":true,"href":"https:\/\/pueblaexpres.com\/portal\/index.php?rest_route=%2Fwp%2Fv2%2Fcomments&post=10496"}],"version-history":[{"count":1,"href":"https:\/\/pueblaexpres.com\/portal\/index.php?rest_route=\/wp\/v2\/posts\/10496\/revisions"}],"predecessor-version":[{"id":10498,"href":"https:\/\/pueblaexpres.com\/portal\/index.php?rest_route=\/wp\/v2\/posts\/10496\/revisions\/10498"}],"wp:featuredmedia":[{"embeddable":true,"href":"https:\/\/pueblaexpres.com\/portal\/index.php?rest_route=\/wp\/v2\/media\/10497"}],"wp:attachment":[{"href":"https:\/\/pueblaexpres.com\/portal\/index.php?rest_route=%2Fwp%2Fv2%2Fmedia&parent=10496"}],"wp:term":[{"taxonomy":"category","embeddable":true,"href":"https:\/\/pueblaexpres.com\/portal\/index.php?rest_route=%2Fwp%2Fv2%2Fcategories&post=10496"},{"taxonomy":"post_tag","embeddable":true,"href":"https:\/\/pueblaexpres.com\/portal\/index.php?rest_route=%2Fwp%2Fv2%2Ftags&post=10496"}],"curies":[{"name":"wp","href":"https:\/\/api.w.org\/{rel}","templated":true}]}}