{"id":10464,"date":"2019-06-22T06:07:35","date_gmt":"2019-06-22T12:07:35","guid":{"rendered":"https:\/\/pueblaexpres.com\/portal\/?p=10464"},"modified":"2019-06-22T06:07:35","modified_gmt":"2019-06-22T12:07:35","slug":"espectaculos-sublime-concierto-leo-dan-y-alberto-vazquez-auditorio-metropolitano-de-puebla","status":"publish","type":"post","link":"https:\/\/pueblaexpres.com\/portal\/?p=10464","title":{"rendered":"[Espect\u00e1culos] SUBLIME CONCIERTO | Leo Dan y Alberto V\u00e1zquez | Auditorio Metropolitano de Puebla"},"content":{"rendered":"<div name=\"googleone_share_1\" style=\"position:relative;z-index:5;float: right; margin-left: 10px;\"><g:plusone size=\"tall\" count=\"1\" href=\"https:\/\/pueblaexpres.com\/portal\/?p=10464\"><\/g:plusone><\/div><p><a href=\"https:\/\/pueblaexpres.com\/portal\/wp-content\/uploads\/2019\/06\/MVF_0329.jpg\"><img loading=\"lazy\" decoding=\"async\" class=\"wp-image-10465 aligncenter\" src=\"https:\/\/pueblaexpres.com\/portal\/wp-content\/uploads\/2019\/06\/MVF_0329.jpg\" alt=\"\" width=\"500\" height=\"333\" srcset=\"https:\/\/pueblaexpres.com\/portal\/wp-content\/uploads\/2019\/06\/MVF_0329.jpg 800w, https:\/\/pueblaexpres.com\/portal\/wp-content\/uploads\/2019\/06\/MVF_0329-300x200.jpg 300w, https:\/\/pueblaexpres.com\/portal\/wp-content\/uploads\/2019\/06\/MVF_0329-768x512.jpg 768w, https:\/\/pueblaexpres.com\/portal\/wp-content\/uploads\/2019\/06\/MVF_0329-640x426.jpg 640w\" sizes=\"(max-width: 500px) 100vw, 500px\" \/><\/a><\/p>\n<p><strong>Redacci\u00f3n | Fotograf\u00edas Mara Gonz\u00e1lez @MaraGlez_BTR #PueblaExpres @PueblaExpres<\/strong><\/p>\n<p>DOS GRANDES ESTRELLAS JUNTOS EN EL ESCENARIO.<\/p>\n<p>La noche del 20 de junio las leyendas de la m\u00fasica, Leo Dan y Alberto V\u00e1zquez se presentaron con gran \u00e9xito en el Auditorio Metropolitano.<\/p>\n<p><a title=\"MVF_0057 [Espect\u00e1culos] SUBLIME CONCIERTO | Leo Dan y Alberto V\u00e1zquez | Auditorio Metropolitano de Puebla | Fotograf\u00edas Mara Gonz\u00e1lez @MaraGlez_BTR | #PueblaExpres Mv Fotograf\u00eda Profesional \/ Edici\u00f3n y retoque www.pueblaexpres.com\" href=\"https:\/\/www.flickr.com\/photos\/manitas\/48107924647\/in\/album-72157709200547492\/\" data-flickr-embed=\"true\"><img loading=\"lazy\" decoding=\"async\" class=\"aligncenter\" src=\"https:\/\/live.staticflickr.com\/65535\/48107924647_e2220a2961.jpg\" alt=\"MVF_0057 [Espect\u00e1culos] SUBLIME CONCIERTO | Leo Dan y Alberto V\u00e1zquez | Auditorio Metropolitano de Puebla | Fotograf\u00edas Mara Gonz\u00e1lez @MaraGlez_BTR | #PueblaExpres Mv Fotograf\u00eda Profesional \/ Edici\u00f3n y retoque www.pueblaexpres.com\" width=\"500\" height=\"333\" \/><\/a><script async src=\"\/\/embedr.flickr.com\/assets\/client-code.js\" charset=\"utf-8\"><\/script><\/p>\n<p>Alberto V\u00e1zquez arranc\u00f3 el concierto, logrando recordar al p\u00fablico varias d\u00e9cadas atr\u00e1s de \u00e9xitos musicales, el cantante requiri\u00f3 de ox\u00edgeno artificial para sentirse m\u00e1s c\u00f3modo \u201cporque el tiempo me ha pasado factura\u201d.<\/p>\n<p>Con \u201cFue en un caf\u00e9\u201d comenz\u00f3 a animar y p\u00fablico poblano que coreaba el tema. Algunas parejas se abrazaron recordando viejos tiempos. Luego interpret\u00f3 una ranchera, \u201cLa que se fue\u201d.<\/p>\n<p><a title=\"MVF_0375 [Espect\u00e1culos] SUBLIME CONCIERTO | Leo Dan y Alberto V\u00e1zquez | Auditorio Metropolitano de Puebla | Fotograf\u00edas Mara Gonz\u00e1lez @MaraGlez_BTR | #PueblaExpres Mv Fotograf\u00eda Profesional \/ Edici\u00f3n y retoque www.pueblaexpres.com\" href=\"https:\/\/www.flickr.com\/photos\/manitas\/48107815336\/in\/album-72157709200547492\/\" data-flickr-embed=\"true\"><img loading=\"lazy\" decoding=\"async\" class=\"aligncenter\" src=\"https:\/\/live.staticflickr.com\/65535\/48107815336_ec24dfd87f.jpg\" alt=\"MVF_0375 [Espect\u00e1culos] SUBLIME CONCIERTO | Leo Dan y Alberto V\u00e1zquez | Auditorio Metropolitano de Puebla | Fotograf\u00edas Mara Gonz\u00e1lez @MaraGlez_BTR | #PueblaExpres Mv Fotograf\u00eda Profesional \/ Edici\u00f3n y retoque www.pueblaexpres.com\" width=\"500\" height=\"333\" \/><\/a><script async src=\"\/\/embedr.flickr.com\/assets\/client-code.js\" charset=\"utf-8\"><\/script><\/p>\n<p>Los seguidores de Alberto V\u00e1zquez quedaron complacidos escuchando \u201cT\u00fa significas todo para m\u00ed\u201d. El cantante se apoya en un respirador artificial, pero no fue impedimento para que su voz remontara a sus a\u00f1os joviales.<!--more--><\/p>\n<p>Alberto cerr\u00f3 la primera parte del concierto cantando junto a Leo Dan su gran \u00e9xito: \u201cEl pecador\u201d.<\/p>\n<p><a title=\"MVF_0754 [Espect\u00e1culos] SUBLIME CONCIERTO | Leo Dan y Alberto V\u00e1zquez | Auditorio Metropolitano de Puebla | Fotograf\u00edas Mara Gonz\u00e1lez @MaraGlez_BTR | #PueblaExpres Mv Fotograf\u00eda Profesional \/ Edici\u00f3n y retoque www.pueblaexpres.com\" href=\"https:\/\/www.flickr.com\/photos\/manitas\/48107924422\/in\/album-72157709200547492\/\" data-flickr-embed=\"true\"><img loading=\"lazy\" decoding=\"async\" class=\"aligncenter\" src=\"https:\/\/live.staticflickr.com\/65535\/48107924422_b0063b4eef.jpg\" alt=\"MVF_0754 [Espect\u00e1culos] SUBLIME CONCIERTO | Leo Dan y Alberto V\u00e1zquez | Auditorio Metropolitano de Puebla | Fotograf\u00edas Mara Gonz\u00e1lez @MaraGlez_BTR | #PueblaExpres Mv Fotograf\u00eda Profesional \/ Edici\u00f3n y retoque www.pueblaexpres.com\" width=\"500\" height=\"333\" \/><\/a><script async src=\"\/\/embedr.flickr.com\/assets\/client-code.js\" charset=\"utf-8\"><\/script><\/p>\n<p>Leo Dan comenz\u00f3 su show a dueto con Alberto V\u00e1zquez para el arranque de la segunda parte del concierto con \u201cTe he prometido\u201d, no sin antes agradecer a Alfonso Cuar\u00f3n por haber incluido el tema como parte de la banda sonora de la pel\u00edcula \u201cRoma\u201d.<\/p>\n<p>Al terminar la canci\u00f3n, el p\u00fablico en se\u00f1al de admiraci\u00f3n hacia Alberto V\u00e1zquez con aplausos de pie despidi\u00f3 este icono del rock and roll.<\/p>\n<p><a title=\"MVF_0701 [Espect\u00e1culos] SUBLIME CONCIERTO | Leo Dan y Alberto V\u00e1zquez | Auditorio Metropolitano de Puebla | Fotograf\u00edas Mara Gonz\u00e1lez @MaraGlez_BTR | #PueblaExpres Mv Fotograf\u00eda Profesional \/ Edici\u00f3n y retoque www.pueblaexpres.com\" href=\"https:\/\/www.flickr.com\/photos\/manitas\/48107859673\/in\/album-72157709200547492\/\" data-flickr-embed=\"true\"><img loading=\"lazy\" decoding=\"async\" class=\"aligncenter\" src=\"https:\/\/live.staticflickr.com\/65535\/48107859673_d2e5d2ccc4.jpg\" alt=\"MVF_0701 [Espect\u00e1culos] SUBLIME CONCIERTO | Leo Dan y Alberto V\u00e1zquez | Auditorio Metropolitano de Puebla | Fotograf\u00edas Mara Gonz\u00e1lez @MaraGlez_BTR | #PueblaExpres Mv Fotograf\u00eda Profesional \/ Edici\u00f3n y retoque www.pueblaexpres.com\" width=\"500\" height=\"333\" \/><\/a><script async src=\"\/\/embedr.flickr.com\/assets\/client-code.js\" charset=\"utf-8\"><\/script><\/p>\n<p>\u201cEsa pared\u201d sigui\u00f3 el desfile de \u00e9xitos de Leo Dan. La fe en Jesucristo que el cantante profesa desde hace alg\u00fan tiempo la comparti\u00f3 con el p\u00fablico, contando testimonios de gente que ha sido curada de alguna dolencia, incluyendo a su esposa.<\/p>\n<p>En la parte final del concierto Leo Dan consinti\u00f3 a sus seguidores con \u201cPor un caminito\u201d, \u201cComo te extra\u00f1o\u201d, \u201cP\u00eddeme la luna\u201d y \u201cMary es mi amor\u201d.<\/p>\n<p><a title=\"MVF_0660 [Espect\u00e1culos] SUBLIME CONCIERTO | Leo Dan y Alberto V\u00e1zquez | Auditorio Metropolitano de Puebla | Fotograf\u00edas Mara Gonz\u00e1lez @MaraGlez_BTR | #PueblaExpres Mv Fotograf\u00eda Profesional \/ Edici\u00f3n y retoque www.pueblaexpres.com\" href=\"https:\/\/www.flickr.com\/photos\/manitas\/48107859698\/in\/album-72157709200547492\/\" data-flickr-embed=\"true\"><img loading=\"lazy\" decoding=\"async\" class=\"aligncenter\" src=\"https:\/\/live.staticflickr.com\/65535\/48107859698_e4dd5e7143.jpg\" alt=\"MVF_0660 [Espect\u00e1culos] SUBLIME CONCIERTO | Leo Dan y Alberto V\u00e1zquez | Auditorio Metropolitano de Puebla | Fotograf\u00edas Mara Gonz\u00e1lez @MaraGlez_BTR | #PueblaExpres Mv Fotograf\u00eda Profesional \/ Edici\u00f3n y retoque www.pueblaexpres.com\" width=\"500\" height=\"333\" \/><\/a><script async src=\"\/\/embedr.flickr.com\/assets\/client-code.js\" charset=\"utf-8\"><\/script><\/p>\n<p>Leo Dan y Alberto V\u00e1zquez demostraron que, aunque los a\u00f1os pasen, su m\u00fasica sigue m\u00e1s fuerte que nunca.<\/p>\n<p>Amigo lector le pedimos contin\u00fae al pendiente de nuestras redes sociales y nuestro portal en la secci\u00f3n ESPECT\u00c1CULOS, ya que en el encontrar\u00e1 los mejores eventos\u2026<\/p>\n<p><a title=\"MVF_0375 [Espect\u00e1culos] SUBLIME CONCIERTO | Leo Dan y Alberto V\u00e1zquez | Auditorio Metropolitano de Puebla | Fotograf\u00edas Mara Gonz\u00e1lez @MaraGlez_BTR | #PueblaExpres Mv Fotograf\u00eda Profesional \/ Edici\u00f3n y retoque www.pueblaexpres.com\" href=\"https:\/\/www.flickr.com\/photos\/manitas\/48107815336\/in\/album-72157709200547492\/\" data-flickr-embed=\"true\"><img loading=\"lazy\" decoding=\"async\" class=\"aligncenter\" src=\"https:\/\/live.staticflickr.com\/65535\/48107815336_ec24dfd87f.jpg\" alt=\"MVF_0375 [Espect\u00e1culos] SUBLIME CONCIERTO | Leo Dan y Alberto V\u00e1zquez | Auditorio Metropolitano de Puebla | Fotograf\u00edas Mara Gonz\u00e1lez @MaraGlez_BTR | #PueblaExpres Mv Fotograf\u00eda Profesional \/ Edici\u00f3n y retoque www.pueblaexpres.com\" width=\"500\" height=\"333\" \/><\/a><script async src=\"\/\/embedr.flickr.com\/assets\/client-code.js\" charset=\"utf-8\"><\/script><\/p>\n<p><strong>LA OPINI\u00d3N EXPRESADA EN ESTA COLUMNA ES RESPONSABILIDAD DE QUIEN LA ESCRIBE Y NO BUSCA GENERAR CONFLICTOS ENTRE LOS INVOLUCRADOS, SINO GENERAR CONCIENCIA EN CADA LECTOR.<\/strong><\/p>\n<p>[miniflickr photoset_id=72157709200547492&amp;sortby=date-posted-asc&amp;per_page=19]<\/p>\n","protected":false},"excerpt":{"rendered":"<p>Redacci\u00f3n | Fotograf\u00edas Mara Gonz\u00e1lez @MaraGlez_BTR #PueblaExpres @PueblaExpres DOS GRANDES ESTRELLAS JUNTOS EN EL ESCENARIO. La noche del 20 de junio las leyendas de la m\u00fasica, Leo Dan y Alberto V\u00e1zquez se presentaron con gran \u00e9xito en el Auditorio Metropolitano. Alberto V\u00e1zquez arranc\u00f3 el concierto, logrando recordar al p\u00fablico varias d\u00e9cadas atr\u00e1s de \u00e9xitos musicales, [&hellip;]<\/p>\n","protected":false},"author":2,"featured_media":10465,"comment_status":"open","ping_status":"open","sticky":false,"template":"","format":"standard","meta":{"footnotes":""},"categories":[8,42,166,170,36,171,1,7],"tags":[],"_links":{"self":[{"href":"https:\/\/pueblaexpres.com\/portal\/index.php?rest_route=\/wp\/v2\/posts\/10464"}],"collection":[{"href":"https:\/\/pueblaexpres.com\/portal\/index.php?rest_route=\/wp\/v2\/posts"}],"about":[{"href":"https:\/\/pueblaexpres.com\/portal\/index.php?rest_route=\/wp\/v2\/types\/post"}],"author":[{"embeddable":true,"href":"https:\/\/pueblaexpres.com\/portal\/index.php?rest_route=\/wp\/v2\/users\/2"}],"replies":[{"embeddable":true,"href":"https:\/\/pueblaexpres.com\/portal\/index.php?rest_route=%2Fwp%2Fv2%2Fcomments&post=10464"}],"version-history":[{"count":1,"href":"https:\/\/pueblaexpres.com\/portal\/index.php?rest_route=\/wp\/v2\/posts\/10464\/revisions"}],"predecessor-version":[{"id":10466,"href":"https:\/\/pueblaexpres.com\/portal\/index.php?rest_route=\/wp\/v2\/posts\/10464\/revisions\/10466"}],"wp:featuredmedia":[{"embeddable":true,"href":"https:\/\/pueblaexpres.com\/portal\/index.php?rest_route=\/wp\/v2\/media\/10465"}],"wp:attachment":[{"href":"https:\/\/pueblaexpres.com\/portal\/index.php?rest_route=%2Fwp%2Fv2%2Fmedia&parent=10464"}],"wp:term":[{"taxonomy":"category","embeddable":true,"href":"https:\/\/pueblaexpres.com\/portal\/index.php?rest_route=%2Fwp%2Fv2%2Fcategories&post=10464"},{"taxonomy":"post_tag","embeddable":true,"href":"https:\/\/pueblaexpres.com\/portal\/index.php?rest_route=%2Fwp%2Fv2%2Ftags&post=10464"}],"curies":[{"name":"wp","href":"https:\/\/api.w.org\/{rel}","templated":true}]}}