{"id":10457,"date":"2019-06-16T13:00:20","date_gmt":"2019-06-16T19:00:20","guid":{"rendered":"https:\/\/pueblaexpres.com\/portal\/?p=10457"},"modified":"2019-06-16T13:00:20","modified_gmt":"2019-06-16T19:00:20","slug":"espectaculos-escalofriante-presentacion-la-dama-de-negro-teatro-de-la-cuidad-puebla","status":"publish","type":"post","link":"https:\/\/pueblaexpres.com\/portal\/?p=10457","title":{"rendered":"[Espect\u00e1culos] ESCALOFRIANTE PRESENTACI\u00d3N | \u201cLa Dama de Negro\u201d | Teatro de la Cuidad | Puebla"},"content":{"rendered":"<div name=\"googleone_share_1\" style=\"position:relative;z-index:5;float: right; margin-left: 10px;\"><g:plusone size=\"tall\" count=\"1\" href=\"https:\/\/pueblaexpres.com\/portal\/?p=10457\"><\/g:plusone><\/div><p><a href=\"https:\/\/pueblaexpres.com\/portal\/wp-content\/uploads\/2019\/06\/MVF_0875.jpg\"><img loading=\"lazy\" decoding=\"async\" class=\"wp-image-10458 aligncenter\" src=\"https:\/\/pueblaexpres.com\/portal\/wp-content\/uploads\/2019\/06\/MVF_0875.jpg\" alt=\"\" width=\"506\" height=\"337\" srcset=\"https:\/\/pueblaexpres.com\/portal\/wp-content\/uploads\/2019\/06\/MVF_0875.jpg 800w, https:\/\/pueblaexpres.com\/portal\/wp-content\/uploads\/2019\/06\/MVF_0875-300x200.jpg 300w, https:\/\/pueblaexpres.com\/portal\/wp-content\/uploads\/2019\/06\/MVF_0875-768x512.jpg 768w, https:\/\/pueblaexpres.com\/portal\/wp-content\/uploads\/2019\/06\/MVF_0875-640x426.jpg 640w\" sizes=\"(max-width: 506px) 100vw, 506px\" \/><\/a><\/p>\n<p><strong>Redacci\u00f3n | Fotograf\u00edas Mara Gonz\u00e1lez @MaraGlez_BTR \/ Manuel Vela @Mv_ManuelVela #PueblaExpres @PueblaExpres<\/strong><\/p>\n<p>LA DAMA DE NEGRO<\/p>\n<p>Celebrando 25 a\u00f1os ininterrumpidamente por los mejores teatros del pa\u00eds, se present\u00f3 la obra de teatro \u201cLa Dama de Negro\u201d durante la noche de 15 de junio en el Teatro de la Cuidad.<\/p>\n<p><a title=\"MVF_0476 0001 [Espect\u00e1culos] ESCALOFRIANTE PRESENTACI\u00d3N | \u201cLa Dama de Negro\u201d | Teatro de la Cuidad | Puebla | Fotograf\u00edas Mara Gonz\u00e1lez @MaraGlez_BTR para Mv Fotograf\u00eda Profesional \/ Edici\u00f3n y retoque www.pueblaexpres.com\" href=\"https:\/\/www.flickr.com\/photos\/manitas\/48074479008\/in\/dateposted-public\/\" data-flickr-embed=\"true\"><img loading=\"lazy\" decoding=\"async\" class=\"aligncenter\" src=\"https:\/\/live.staticflickr.com\/65535\/48074479008_674dd65aba.jpg\" alt=\"MVF_0476 0001 [Espect\u00e1culos] ESCALOFRIANTE PRESENTACI\u00d3N | \u201cLa Dama de Negro\u201d | Teatro de la Cuidad | Puebla | Fotograf\u00edas Mara Gonz\u00e1lez @MaraGlez_BTR para Mv Fotograf\u00eda Profesional \/ Edici\u00f3n y retoque www.pueblaexpres.com\" width=\"500\" height=\"333\" \/><\/a><script async src=\"\/\/embedr.flickr.com\/assets\/client-code.js\" charset=\"utf-8\"><\/script><\/p>\n<p>Llego a la ciudad de Puebla con el productor Antonio Calvo y las actuaciones de Alejandro Tomassi, Rafael Perr\u00edn y Patricia Perr\u00edn, ofrecieron dos funciones con llenos total.<\/p>\n<p>Los efectos de sonido e iluminaci\u00f3n ayudan a la escenograf\u00eda y utiler\u00eda utilizada en la puesta.<\/p>\n<p><a title=\"MVF_0223 0001 [Espect\u00e1culos] ESCALOFRIANTE PRESENTACI\u00d3N | \u201cLa Dama de Negro\u201d | Teatro de la Cuidad | Puebla | Fotograf\u00edas Mara Gonz\u00e1lez @MaraGlez_BTR para Mv Fotograf\u00eda Profesional \/ Edici\u00f3n y retoque www.pueblaexpres.com\" href=\"https:\/\/www.flickr.com\/photos\/manitas\/48074542677\/in\/dateposted-public\/\" data-flickr-embed=\"true\"><img loading=\"lazy\" decoding=\"async\" class=\"aligncenter\" src=\"https:\/\/live.staticflickr.com\/65535\/48074542677_c7b4e358cf.jpg\" alt=\"MVF_0223 0001 [Espect\u00e1culos] ESCALOFRIANTE PRESENTACI\u00d3N | \u201cLa Dama de Negro\u201d | Teatro de la Cuidad | Puebla | Fotograf\u00edas Mara Gonz\u00e1lez @MaraGlez_BTR para Mv Fotograf\u00eda Profesional \/ Edici\u00f3n y retoque www.pueblaexpres.com\" width=\"500\" height=\"333\" \/><\/a><script async src=\"\/\/embedr.flickr.com\/assets\/client-code.js\" charset=\"utf-8\"><\/script><\/p>\n<p>La \u2018Dama de Negro\u2019 cuenta la historia de Arthur Kipps ha vivido aterrado a partir de una experiencia que enfrent\u00f3 en su juventud, una obra original de Susan Hill y adaptada por Sthephen Mallatrat.<!--more--><\/p>\n<p>Los terribles eventos que le han sucedido deben ser contados ante un p\u00fablico conformado por familiares y amigos, por lo que decide escribir su historia y buscar la ayuda de John Morris, un esc\u00e9ptico director de escena para que lo oriente a interpretar adecuadamente su texto.<\/p>\n<p><a title=\"MVF_0168 0001 [Espect\u00e1culos] ESCALOFRIANTE PRESENTACI\u00d3N | \u201cLa Dama de Negro\u201d | Teatro de la Cuidad | Puebla | Fotograf\u00edas Mara Gonz\u00e1lez @MaraGlez_BTR para Mv Fotograf\u00eda Profesional \/ Edici\u00f3n y retoque www.pueblaexpres.com\" href=\"https:\/\/www.flickr.com\/photos\/manitas\/48074542792\/in\/dateposted-public\/\" data-flickr-embed=\"true\"><img loading=\"lazy\" decoding=\"async\" class=\"aligncenter\" src=\"https:\/\/live.staticflickr.com\/65535\/48074542792_223c64dd0f.jpg\" alt=\"MVF_0168 0001 [Espect\u00e1culos] ESCALOFRIANTE PRESENTACI\u00d3N | \u201cLa Dama de Negro\u201d | Teatro de la Cuidad | Puebla | Fotograf\u00edas Mara Gonz\u00e1lez @MaraGlez_BTR para Mv Fotograf\u00eda Profesional \/ Edici\u00f3n y retoque www.pueblaexpres.com\" width=\"500\" height=\"333\" \/><\/a><script async src=\"\/\/embedr.flickr.com\/assets\/client-code.js\" charset=\"utf-8\"><\/script><\/p>\n<p>Para esto se citan en un viejo teatro en donde dan vida a la terrible historia, que va desencadenando sorpresas en el p\u00fablico.<\/p>\n<p>Con gran \u00e9xito \u201cLa Dama de Negro\u201d sigue sorprendiendo y asustando a cada uno de los asistentes que acuden a verla.<\/p>\n<p><a title=\"MVF_0875 0001 [Espect\u00e1culos] ESCALOFRIANTE PRESENTACI\u00d3N | \u201cLa Dama de Negro\u201d | Teatro de la Cuidad | Puebla | Fotograf\u00edas Mara Gonz\u00e1lez @MaraGlez_BTR para Mv Fotograf\u00eda Profesional \/ Edici\u00f3n y retoque www.pueblaexpres.com\" href=\"https:\/\/www.flickr.com\/photos\/manitas\/48074542367\/in\/dateposted-public\/\" data-flickr-embed=\"true\"><img loading=\"lazy\" decoding=\"async\" class=\"aligncenter\" src=\"https:\/\/live.staticflickr.com\/65535\/48074542367_59c1d23425.jpg\" alt=\"MVF_0875 0001 [Espect\u00e1culos] ESCALOFRIANTE PRESENTACI\u00d3N | \u201cLa Dama de Negro\u201d | Teatro de la Cuidad | Puebla | Fotograf\u00edas Mara Gonz\u00e1lez @MaraGlez_BTR para Mv Fotograf\u00eda Profesional \/ Edici\u00f3n y retoque www.pueblaexpres.com\" width=\"500\" height=\"333\" \/><\/a><script async src=\"\/\/embedr.flickr.com\/assets\/client-code.js\" charset=\"utf-8\"><\/script><\/p>\n<p>Amigo lector le pedimos contin\u00fae al pendiente de nuestras redes sociales y nuestro portal en la secci\u00f3n ESPECT\u00c1CULOS, ya que en el encontrar\u00e1 los mejores eventos\u2026<\/p>\n<p><strong>LA OPINI\u00d3N EXPRESADA EN ESTA COLUMNA ES RESPONSABILIDAD DE QUIEN LA ESCRIBE Y NO BUSCA GENERAR CONFLICTOS ENTRE LOS INVOLUCRADOS, SINO GENERAR CONCIENCIA EN CADA LECTOR.<\/strong><\/p>\n<p>[miniflickr photoset_id=72157709112098727&amp;sortby=date-posted-asc&amp;per_page=14]<\/p>\n","protected":false},"excerpt":{"rendered":"<p>Redacci\u00f3n | Fotograf\u00edas Mara Gonz\u00e1lez @MaraGlez_BTR \/ Manuel Vela @Mv_ManuelVela #PueblaExpres @PueblaExpres LA DAMA DE NEGRO Celebrando 25 a\u00f1os ininterrumpidamente por los mejores teatros del pa\u00eds, se present\u00f3 la obra de teatro \u201cLa Dama de Negro\u201d durante la noche de 15 de junio en el Teatro de la Cuidad. Llego a la ciudad de Puebla [&hellip;]<\/p>\n","protected":false},"author":2,"featured_media":10458,"comment_status":"open","ping_status":"open","sticky":false,"template":"","format":"standard","meta":{"footnotes":""},"categories":[8,42,166,170,36,171,1,7],"tags":[],"_links":{"self":[{"href":"https:\/\/pueblaexpres.com\/portal\/index.php?rest_route=\/wp\/v2\/posts\/10457"}],"collection":[{"href":"https:\/\/pueblaexpres.com\/portal\/index.php?rest_route=\/wp\/v2\/posts"}],"about":[{"href":"https:\/\/pueblaexpres.com\/portal\/index.php?rest_route=\/wp\/v2\/types\/post"}],"author":[{"embeddable":true,"href":"https:\/\/pueblaexpres.com\/portal\/index.php?rest_route=\/wp\/v2\/users\/2"}],"replies":[{"embeddable":true,"href":"https:\/\/pueblaexpres.com\/portal\/index.php?rest_route=%2Fwp%2Fv2%2Fcomments&post=10457"}],"version-history":[{"count":1,"href":"https:\/\/pueblaexpres.com\/portal\/index.php?rest_route=\/wp\/v2\/posts\/10457\/revisions"}],"predecessor-version":[{"id":10459,"href":"https:\/\/pueblaexpres.com\/portal\/index.php?rest_route=\/wp\/v2\/posts\/10457\/revisions\/10459"}],"wp:featuredmedia":[{"embeddable":true,"href":"https:\/\/pueblaexpres.com\/portal\/index.php?rest_route=\/wp\/v2\/media\/10458"}],"wp:attachment":[{"href":"https:\/\/pueblaexpres.com\/portal\/index.php?rest_route=%2Fwp%2Fv2%2Fmedia&parent=10457"}],"wp:term":[{"taxonomy":"category","embeddable":true,"href":"https:\/\/pueblaexpres.com\/portal\/index.php?rest_route=%2Fwp%2Fv2%2Fcategories&post=10457"},{"taxonomy":"post_tag","embeddable":true,"href":"https:\/\/pueblaexpres.com\/portal\/index.php?rest_route=%2Fwp%2Fv2%2Ftags&post=10457"}],"curies":[{"name":"wp","href":"https:\/\/api.w.org\/{rel}","templated":true}]}}