{"id":10451,"date":"2019-06-10T17:56:44","date_gmt":"2019-06-10T23:56:44","guid":{"rendered":"https:\/\/pueblaexpres.com\/portal\/?p=10451"},"modified":"2019-06-10T17:56:44","modified_gmt":"2019-06-10T23:56:44","slug":"espectaculos-5ta-edicion-dia-del-jardinero-stihl-los-kumbia-kings-centro-expositor-en-los-fuertes-de-loreto-y-guadalupe","status":"publish","type":"post","link":"https:\/\/pueblaexpres.com\/portal\/?p=10451","title":{"rendered":"[Espect\u00e1culos] 5ta edici\u00f3n \u201cD\u00cdA DEL JARDINERO STIHL\u201d | Los Kumbia Kings | Centro Expositor en Los Fuertes de Loreto y Guadalupe"},"content":{"rendered":"<div name=\"googleone_share_1\" style=\"position:relative;z-index:5;float: right; margin-left: 10px;\"><g:plusone size=\"tall\" count=\"1\" href=\"https:\/\/pueblaexpres.com\/portal\/?p=10451\"><\/g:plusone><\/div><p><a href=\"https:\/\/pueblaexpres.com\/portal\/wp-content\/uploads\/2019\/06\/MVF_8765.jpg\"><img loading=\"lazy\" decoding=\"async\" class=\"wp-image-10452 aligncenter\" src=\"https:\/\/pueblaexpres.com\/portal\/wp-content\/uploads\/2019\/06\/MVF_8765.jpg\" alt=\"\" width=\"500\" height=\"333\" srcset=\"https:\/\/pueblaexpres.com\/portal\/wp-content\/uploads\/2019\/06\/MVF_8765.jpg 800w, https:\/\/pueblaexpres.com\/portal\/wp-content\/uploads\/2019\/06\/MVF_8765-300x200.jpg 300w, https:\/\/pueblaexpres.com\/portal\/wp-content\/uploads\/2019\/06\/MVF_8765-768x512.jpg 768w, https:\/\/pueblaexpres.com\/portal\/wp-content\/uploads\/2019\/06\/MVF_8765-640x426.jpg 640w\" sizes=\"(max-width: 500px) 100vw, 500px\" \/><\/a><\/p>\n<p><strong>Redacci\u00f3n | Fotograf\u00edas Mara Gonz\u00e1lez @MaraGlez_BTR \/ Manuel Vela @Mv_ManuelVela #PueblaExpres @PueblaExpres<\/strong><\/p>\n<p>D\u00cdA DEL JARDINERO STIHL<\/p>\n<p><a title=\"MVF_0132 [Espect\u00e1culos] 5ta edici\u00f3n \u201cD\u00cdA DEL JARDINERO STIHL\u201d | Los Kumbia Kings | Centro Expositor en Los Fuertes de Loreto y Guadalupe | Fotograf\u00edas @MaraGlez_BTR \/ @Mv_ManuelVela \/ Edici\u00f3n y retoque www.pueblaexpres.com\" href=\"https:\/\/www.flickr.com\/photos\/manitas\/48040388612\/in\/album-72157709026081688\/\" data-flickr-embed=\"true\"><img loading=\"lazy\" decoding=\"async\" class=\"aligncenter\" src=\"https:\/\/live.staticflickr.com\/65535\/48040388612_f457bc807b.jpg\" alt=\"MVF_0132 [Espect\u00e1culos] 5ta edici\u00f3n \u201cD\u00cdA DEL JARDINERO STIHL\u201d | Los Kumbia Kings | Centro Expositor en Los Fuertes de Loreto y Guadalupe | Fotograf\u00edas @MaraGlez_BTR \/ @Mv_ManuelVela \/ Edici\u00f3n y retoque www.pueblaexpres.com\" width=\"500\" height=\"333\" \/><\/a><script async src=\"\/\/embedr.flickr.com\/assets\/client-code.js\" charset=\"utf-8\"><\/script><\/p>\n<p>Por quinto a\u00f1o consecutivo, el d\u00eda 09 de junio se llev\u00f3 a cabo con gran \u00e9xito el \u201cD\u00cdA DEL JARDINERO STIHL\u201d un EVENTO MASIVO.<\/p>\n<p>STIHL es una empresa alemana con m\u00e1s de 90 a\u00f1os en el mundo y m\u00e1s de 450 puntos de venta en la rep\u00fablica mexicana.<\/p>\n<p><a title=\"IMG_0337 [Espect\u00e1culos] 5ta edici\u00f3n \u201cD\u00cdA DEL JARDINERO STIHL\u201d | Los Kumbia Kings | Centro Expositor en Los Fuertes de Loreto y Guadalupe | Fotograf\u00edas @MaraGlez_BTR \/ @Mv_ManuelVela \/ Edici\u00f3n y retoque www.pueblaexpres.com\" href=\"https:\/\/www.flickr.com\/photos\/manitas\/48040388802\/in\/album-72157709026081688\/\" data-flickr-embed=\"true\"><img loading=\"lazy\" decoding=\"async\" class=\"aligncenter\" src=\"https:\/\/live.staticflickr.com\/65535\/48040388802_a84dba0143.jpg\" alt=\"IMG_0337 [Espect\u00e1culos] 5ta edici\u00f3n \u201cD\u00cdA DEL JARDINERO STIHL\u201d | Los Kumbia Kings | Centro Expositor en Los Fuertes de Loreto y Guadalupe | Fotograf\u00edas @MaraGlez_BTR \/ @Mv_ManuelVela \/ Edici\u00f3n y retoque www.pueblaexpres.com\" width=\"500\" height=\"333\" \/><\/a><script async src=\"\/\/embedr.flickr.com\/assets\/client-code.js\" charset=\"utf-8\"><\/script><\/p>\n<p>Los equipos STIHL solo se pueden encontrar en sus distribuidores autorizados STIHL ya que \u00fanicamente ellos pueden garantizar el mejor asesoramiento, servicios de posventa y ofrecer refacciones originales.<\/p>\n<p>Evento<\/p>\n<p><a title=\"MVF_0062 [Espect\u00e1culos] 5ta edici\u00f3n \u201cD\u00cdA DEL JARDINERO STIHL\u201d | Los Kumbia Kings | Centro Expositor en Los Fuertes de Loreto y Guadalupe | Fotograf\u00edas @MaraGlez_BTR \/ @Mv_ManuelVela \/ Edici\u00f3n y retoque www.pueblaexpres.com\" href=\"https:\/\/www.flickr.com\/photos\/manitas\/48040388647\/in\/album-72157709026081688\/\" data-flickr-embed=\"true\"><img loading=\"lazy\" decoding=\"async\" class=\"aligncenter\" src=\"https:\/\/live.staticflickr.com\/65535\/48040388647_4bc3957a6f.jpg\" alt=\"MVF_0062 [Espect\u00e1culos] 5ta edici\u00f3n \u201cD\u00cdA DEL JARDINERO STIHL\u201d | Los Kumbia Kings | Centro Expositor en Los Fuertes de Loreto y Guadalupe | Fotograf\u00edas @MaraGlez_BTR \/ @Mv_ManuelVela \/ Edici\u00f3n y retoque www.pueblaexpres.com\" width=\"500\" height=\"333\" \/><\/a><script async src=\"\/\/embedr.flickr.com\/assets\/client-code.js\" charset=\"utf-8\"><\/script><\/p>\n<p>Desde temprano, los grupos de fans tanto de la Sonora Dinamita como de Kumbia Kings ya se encontraban emocionados fuera del recinto del Centro Expositor en Los Fuertes de Loreto y Guadalupe acompa\u00f1ados de familiares y amigos para obtener el mejor lugar para presenciar el show.<!--more--><\/p>\n<p>En punto de las 11:00 am se abrieron las puertas para este magno evento, en donde el staff de STIHL estuvo regalando los mejores accesorios de la marca al p\u00fablico poblano, como son sombreros, vasos, dedos de espuma, sudaderas y muchas cosas m\u00e1s.<\/p>\n<p><a title=\"MVF_0482[Espect\u00e1culos] 5ta edici\u00f3n \u201cD\u00cdA DEL JARDINERO STIHL\u201d | Los Kumbia Kings | Centro Expositor en Los Fuertes de Loreto y Guadalupe | Fotograf\u00edas @MaraGlez_BTR \/ @Mv_ManuelVela \/ Edici\u00f3n y retoque www.pueblaexpres.com\" href=\"https:\/\/www.flickr.com\/photos\/manitas\/48040388482\/in\/album-72157709026081688\/\" data-flickr-embed=\"true\"><img loading=\"lazy\" decoding=\"async\" class=\"aligncenter\" src=\"https:\/\/live.staticflickr.com\/65535\/48040388482_c49fe03772.jpg\" alt=\"MVF_0482[Espect\u00e1culos] 5ta edici\u00f3n \u201cD\u00cdA DEL JARDINERO STIHL\u201d | Los Kumbia Kings | Centro Expositor en Los Fuertes de Loreto y Guadalupe | Fotograf\u00edas @MaraGlez_BTR \/ @Mv_ManuelVela \/ Edici\u00f3n y retoque www.pueblaexpres.com\" width=\"500\" height=\"333\" \/><\/a><script async src=\"\/\/embedr.flickr.com\/assets\/client-code.js\" charset=\"utf-8\"><\/script><\/p>\n<p>Entre el p\u00fablico se encontraban fans de los youtubers Juca y Berth quienes presentaron la camioneta que se rifar\u00eda entre los asistentes.<\/p>\n<p>Con gran \u00e9xito concluyo la participaci\u00f3n de la Sonora Dinamita dando paso a:<\/p>\n<p><a title=\"MVF_0598 [Espect\u00e1culos] 5ta edici\u00f3n \u201cD\u00cdA DEL JARDINERO STIHL\u201d | Los Kumbia Kings | Centro Expositor en Los Fuertes de Loreto y Guadalupe | Fotograf\u00edas @MaraGlez_BTR \/ @Mv_ManuelVela \/ Edici\u00f3n y retoque www.pueblaexpres.com\" href=\"https:\/\/www.flickr.com\/photos\/manitas\/48040285981\/in\/album-72157709026081688\/\" data-flickr-embed=\"true\"><img loading=\"lazy\" decoding=\"async\" class=\"aligncenter\" src=\"https:\/\/live.staticflickr.com\/65535\/48040285981_2017c094f8.jpg\" alt=\"MVF_0598 [Espect\u00e1culos] 5ta edici\u00f3n \u201cD\u00cdA DEL JARDINERO STIHL\u201d | Los Kumbia Kings | Centro Expositor en Los Fuertes de Loreto y Guadalupe | Fotograf\u00edas @MaraGlez_BTR \/ @Mv_ManuelVela \/ Edici\u00f3n y retoque www.pueblaexpres.com\" width=\"500\" height=\"333\" \/><\/a><script async src=\"\/\/embedr.flickr.com\/assets\/client-code.js\" charset=\"utf-8\"><\/script><\/p>\n<p>Los Kumbia Kings<\/p>\n<p>Posteriormente toco la presentaci\u00f3n del grupo texano Los Kumbia Kings. \u201cNos da mucho gusto estar de vuelta en esta bella cuidad, llena de historia y tradici\u00f3n.<\/p>\n<p><a title=\"IMG_0315 [Espect\u00e1culos] 5ta edici\u00f3n \u201cD\u00cdA DEL JARDINERO STIHL\u201d | Los Kumbia Kings | Centro Expositor en Los Fuertes de Loreto y Guadalupe | Fotograf\u00edas @MaraGlez_BTR \/ @Mv_ManuelVela \/ Edici\u00f3n y retoque www.pueblaexpres.com\" href=\"https:\/\/www.flickr.com\/photos\/manitas\/48040286281\/in\/album-72157709026081688\/\" data-flickr-embed=\"true\"><img loading=\"lazy\" decoding=\"async\" class=\"aligncenter\" src=\"https:\/\/live.staticflickr.com\/65535\/48040286281_2af6046e1e.jpg\" alt=\"IMG_0315 [Espect\u00e1culos] 5ta edici\u00f3n \u201cD\u00cdA DEL JARDINERO STIHL\u201d | Los Kumbia Kings | Centro Expositor en Los Fuertes de Loreto y Guadalupe | Fotograf\u00edas @MaraGlez_BTR \/ @Mv_ManuelVela \/ Edici\u00f3n y retoque www.pueblaexpres.com\" width=\"500\" height=\"333\" \/><\/a><script async src=\"\/\/embedr.flickr.com\/assets\/client-code.js\" charset=\"utf-8\"><\/script><\/p>\n<p>Estuvimos durante la Feria de Puebla y tenemos planeado regresar antes de que termine el a\u00f1o\u201d comento la agrupaci\u00f3n en la rueda de prensa.<\/p>\n<p>\u00a1Con la canci\u00f3n de \u201cShhh!&#8221;, los Kumbia Kings comenzaron su concierto en donde desde el principio ambiente entre el p\u00fablico aument\u00f3 al sonar &#8220;Az\u00facar&#8221;, pegada a la de &#8220;Fuego&#8221;, con las que mostraban vistosas coreograf\u00edas.<\/p>\n<p><a title=\"MVF_8681 [Espect\u00e1culos] 5ta edici\u00f3n \u201cD\u00cdA DEL JARDINERO STIHL\u201d | Los Kumbia Kings | Centro Expositor en Los Fuertes de Loreto y Guadalupe | Fotograf\u00edas @MaraGlez_BTR \/ @Mv_ManuelVela \/ Edici\u00f3n y retoque www.pueblaexpres.com\" href=\"https:\/\/www.flickr.com\/photos\/manitas\/48040388387\/in\/album-72157709026081688\/\" data-flickr-embed=\"true\"><img loading=\"lazy\" decoding=\"async\" class=\"aligncenter\" src=\"https:\/\/live.staticflickr.com\/65535\/48040388387_f9105935a6.jpg\" alt=\"MVF_8681 [Espect\u00e1culos] 5ta edici\u00f3n \u201cD\u00cdA DEL JARDINERO STIHL\u201d | Los Kumbia Kings | Centro Expositor en Los Fuertes de Loreto y Guadalupe | Fotograf\u00edas @MaraGlez_BTR \/ @Mv_ManuelVela \/ Edici\u00f3n y retoque www.pueblaexpres.com\" width=\"500\" height=\"333\" \/><\/a><script async src=\"\/\/embedr.flickr.com\/assets\/client-code.js\" charset=\"utf-8\"><\/script><\/p>\n<p>Sin bajar el \u00e1nimo entre la gente presentaron tambi\u00e9n melod\u00edas rom\u00e1nticas como cuando vino &#8220;Te quiero a ti&#8221;.<\/p>\n<p>Pidieron que los asistentes prendieron las luces de su celular para iluminar la noche al interpretar &#8220;Fuiste mala&#8221;, de las m\u00e1s coreadas de la tarde.<\/p>\n<p><a title=\"MVF_8833 [Espect\u00e1culos] 5ta edici\u00f3n \u201cD\u00cdA DEL JARDINERO STIHL\u201d | Los Kumbia Kings | Centro Expositor en Los Fuertes de Loreto y Guadalupe | Fotograf\u00edas @MaraGlez_BTR \/ @Mv_ManuelVela \/ Edici\u00f3n y retoque www.pueblaexpres.com\" href=\"https:\/\/www.flickr.com\/photos\/manitas\/48040285836\/in\/album-72157709026081688\/\" data-flickr-embed=\"true\"><img loading=\"lazy\" decoding=\"async\" class=\"aligncenter\" src=\"https:\/\/live.staticflickr.com\/65535\/48040285836_02906aef4c.jpg\" alt=\"MVF_8833 [Espect\u00e1culos] 5ta edici\u00f3n \u201cD\u00cdA DEL JARDINERO STIHL\u201d | Los Kumbia Kings | Centro Expositor en Los Fuertes de Loreto y Guadalupe | Fotograf\u00edas @MaraGlez_BTR \/ @Mv_ManuelVela \/ Edici\u00f3n y retoque www.pueblaexpres.com\" width=\"500\" height=\"333\" \/><\/a><script async src=\"\/\/embedr.flickr.com\/assets\/client-code.js\" charset=\"utf-8\"><\/script><\/p>\n<p>Los Kumbia se pusieron a bailar para demostrar sus mejores movimientos. Para finalizar lo que fue toda una fiesta interpretaron la &#8220;Reggae Kumbia&#8221;, &#8220;Mu\u00e9velo&#8221; y como broche de oro los Kumbia Kings invitaron al escenario al cantante original Peewee para cantar con ellos sus \u00e9xitos como &#8220;Sabes a chocolate&#8221; y &#8220;Mi dulce ni\u00f1a&#8221;.<\/p>\n<p>Amigo lector le pedimos contin\u00fae al pendiente de nuestras redes sociales y nuestro portal en la secci\u00f3n ESPECT\u00c1CULOS, ya que en el encontrar\u00e1 los mejores eventos\u2026<\/p>\n<p><a title=\"IMG_0412 [Espect\u00e1culos] 5ta edici\u00f3n \u201cD\u00cdA DEL JARDINERO STIHL\u201d | Los Kumbia Kings | Centro Expositor en Los Fuertes de Loreto y Guadalupe | Fotograf\u00edas @MaraGlez_BTR \/ @Mv_ManuelVela \/ Edici\u00f3n y retoque www.pueblaexpres.com\" href=\"https:\/\/www.flickr.com\/photos\/manitas\/48040325033\/in\/album-72157709026081688\/\" data-flickr-embed=\"true\"><img loading=\"lazy\" decoding=\"async\" class=\"aligncenter\" src=\"https:\/\/live.staticflickr.com\/65535\/48040325033_33b556d04b.jpg\" alt=\"IMG_0412 [Espect\u00e1culos] 5ta edici\u00f3n \u201cD\u00cdA DEL JARDINERO STIHL\u201d | Los Kumbia Kings | Centro Expositor en Los Fuertes de Loreto y Guadalupe | Fotograf\u00edas @MaraGlez_BTR \/ @Mv_ManuelVela \/ Edici\u00f3n y retoque www.pueblaexpres.com\" width=\"500\" height=\"333\" \/><\/a><script async src=\"\/\/embedr.flickr.com\/assets\/client-code.js\" charset=\"utf-8\"><\/script><\/p>\n<p><strong>LA OPINI\u00d3N EXPRESADA EN ESTA COLUMNA ES RESPONSABILIDAD DE QUIEN LA ESCRIBE Y NO BUSCA GENERAR CONFLICTOS ENTRE LOS INVOLUCRADOS, SINO GENERAR CONCIENCIA EN CADA LECTOR.<\/strong><\/p>\n<p>[miniflickr photoset_id=72157709026081688&amp;sortby=date-posted-asc&amp;per_page=24]<\/p>\n","protected":false},"excerpt":{"rendered":"<p>Redacci\u00f3n | Fotograf\u00edas Mara Gonz\u00e1lez @MaraGlez_BTR \/ Manuel Vela @Mv_ManuelVela #PueblaExpres @PueblaExpres D\u00cdA DEL JARDINERO STIHL Por quinto a\u00f1o consecutivo, el d\u00eda 09 de junio se llev\u00f3 a cabo con gran \u00e9xito el \u201cD\u00cdA DEL JARDINERO STIHL\u201d un EVENTO MASIVO. STIHL es una empresa alemana con m\u00e1s de 90 a\u00f1os en el mundo y m\u00e1s [&hellip;]<\/p>\n","protected":false},"author":2,"featured_media":10452,"comment_status":"open","ping_status":"open","sticky":false,"template":"","format":"standard","meta":{"footnotes":""},"categories":[8,42,166,170,36,171,1,7],"tags":[],"_links":{"self":[{"href":"https:\/\/pueblaexpres.com\/portal\/index.php?rest_route=\/wp\/v2\/posts\/10451"}],"collection":[{"href":"https:\/\/pueblaexpres.com\/portal\/index.php?rest_route=\/wp\/v2\/posts"}],"about":[{"href":"https:\/\/pueblaexpres.com\/portal\/index.php?rest_route=\/wp\/v2\/types\/post"}],"author":[{"embeddable":true,"href":"https:\/\/pueblaexpres.com\/portal\/index.php?rest_route=\/wp\/v2\/users\/2"}],"replies":[{"embeddable":true,"href":"https:\/\/pueblaexpres.com\/portal\/index.php?rest_route=%2Fwp%2Fv2%2Fcomments&post=10451"}],"version-history":[{"count":1,"href":"https:\/\/pueblaexpres.com\/portal\/index.php?rest_route=\/wp\/v2\/posts\/10451\/revisions"}],"predecessor-version":[{"id":10453,"href":"https:\/\/pueblaexpres.com\/portal\/index.php?rest_route=\/wp\/v2\/posts\/10451\/revisions\/10453"}],"wp:featuredmedia":[{"embeddable":true,"href":"https:\/\/pueblaexpres.com\/portal\/index.php?rest_route=\/wp\/v2\/media\/10452"}],"wp:attachment":[{"href":"https:\/\/pueblaexpres.com\/portal\/index.php?rest_route=%2Fwp%2Fv2%2Fmedia&parent=10451"}],"wp:term":[{"taxonomy":"category","embeddable":true,"href":"https:\/\/pueblaexpres.com\/portal\/index.php?rest_route=%2Fwp%2Fv2%2Fcategories&post=10451"},{"taxonomy":"post_tag","embeddable":true,"href":"https:\/\/pueblaexpres.com\/portal\/index.php?rest_route=%2Fwp%2Fv2%2Ftags&post=10451"}],"curies":[{"name":"wp","href":"https:\/\/api.w.org\/{rel}","templated":true}]}}