{"id":10448,"date":"2019-06-10T17:20:45","date_gmt":"2019-06-10T23:20:45","guid":{"rendered":"https:\/\/pueblaexpres.com\/portal\/?p=10448"},"modified":"2019-06-10T17:20:45","modified_gmt":"2019-06-10T23:20:45","slug":"espectaculos-5ta-edicion-dia-del-jardinero-stihl-la-sonora-dinamita-centro-expositor-en-los-fuertes-de-loreto-y-guadalupe","status":"publish","type":"post","link":"https:\/\/pueblaexpres.com\/portal\/?p=10448","title":{"rendered":"[Espect\u00e1culos] 5ta edici\u00f3n \u201cD\u00cdA DEL JARDINERO STIHL\u201d | La Sonora Dinamita | Centro Expositor en Los Fuertes de Loreto y Guadalupe"},"content":{"rendered":"<div name=\"googleone_share_1\" style=\"position:relative;z-index:5;float: right; margin-left: 10px;\"><g:plusone size=\"tall\" count=\"1\" href=\"https:\/\/pueblaexpres.com\/portal\/?p=10448\"><\/g:plusone><\/div><p><a href=\"https:\/\/pueblaexpres.com\/portal\/wp-content\/uploads\/2019\/06\/MVF_8588.jpg\"><img loading=\"lazy\" decoding=\"async\" class=\"wp-image-10449 aligncenter\" src=\"https:\/\/pueblaexpres.com\/portal\/wp-content\/uploads\/2019\/06\/MVF_8588.jpg\" alt=\"\" width=\"501\" height=\"334\" srcset=\"https:\/\/pueblaexpres.com\/portal\/wp-content\/uploads\/2019\/06\/MVF_8588.jpg 800w, https:\/\/pueblaexpres.com\/portal\/wp-content\/uploads\/2019\/06\/MVF_8588-300x200.jpg 300w, https:\/\/pueblaexpres.com\/portal\/wp-content\/uploads\/2019\/06\/MVF_8588-768x512.jpg 768w, https:\/\/pueblaexpres.com\/portal\/wp-content\/uploads\/2019\/06\/MVF_8588-640x426.jpg 640w\" sizes=\"(max-width: 501px) 100vw, 501px\" \/><\/a><\/p>\n<p><strong>Redacci\u00f3n | Fotograf\u00edas Mara Gonz\u00e1lez @MaraGlez_BTR \/ Manuel Vela @Mv_ManuelVela #PueblaExpres @PueblaExpres<\/strong><\/p>\n<p>D\u00cdA DEL JARDINERO STIHL<\/p>\n<p><a title=\"MVF_0032 [Espect\u00e1culos] 5ta edici\u00f3n \u201cD\u00cdA DEL JARDINERO STIHL\u201d | La Sonora Dinamita | Centro Expositor en Los Fuertes de Loreto y Guadalupe | Fotograf\u00edas @MaraGlez_BTR \/ @Mv_ManuelVela \/ Edici\u00f3n y retoque www.pueblaexpres.com\" href=\"https:\/\/www.flickr.com\/photos\/manitas\/48040237937\/in\/album-72157709025651532\/\" data-flickr-embed=\"true\"><img loading=\"lazy\" decoding=\"async\" class=\"aligncenter\" src=\"https:\/\/live.staticflickr.com\/65535\/48040237937_7165272ac4.jpg\" alt=\"MVF_0032 [Espect\u00e1culos] 5ta edici\u00f3n \u201cD\u00cdA DEL JARDINERO STIHL\u201d | La Sonora Dinamita | Centro Expositor en Los Fuertes de Loreto y Guadalupe | Fotograf\u00edas @MaraGlez_BTR \/ @Mv_ManuelVela \/ Edici\u00f3n y retoque www.pueblaexpres.com\" width=\"500\" height=\"333\" \/><\/a><script async src=\"\/\/embedr.flickr.com\/assets\/client-code.js\" charset=\"utf-8\"><\/script><\/p>\n<p>Por quinto a\u00f1o consecutivo, el d\u00eda 09 de junio se llev\u00f3 a cabo con gran \u00e9xito el \u201cD\u00cdA DEL JARDINERO STIHL\u201d un EVENTO MASIVO.<\/p>\n<p>STIHL es una empresa alemana con m\u00e1s de 90 a\u00f1os en el mundo y m\u00e1s de 450 puntos de venta en la rep\u00fablica mexicana.<\/p>\n<p><a title=\"MVF_8574 [Espect\u00e1culos] 5ta edici\u00f3n \u201cD\u00cdA DEL JARDINERO STIHL\u201d | La Sonora Dinamita | Centro Expositor en Los Fuertes de Loreto y Guadalupe | Fotograf\u00edas @MaraGlez_BTR \/ @Mv_ManuelVela \/ Edici\u00f3n y retoque www.pueblaexpres.com\" href=\"https:\/\/www.flickr.com\/photos\/manitas\/48040135181\/in\/album-72157709025651532\/\" data-flickr-embed=\"true\"><img loading=\"lazy\" decoding=\"async\" class=\"aligncenter\" src=\"https:\/\/live.staticflickr.com\/65535\/48040135181_7d171df1f1.jpg\" alt=\"MVF_8574 [Espect\u00e1culos] 5ta edici\u00f3n \u201cD\u00cdA DEL JARDINERO STIHL\u201d | La Sonora Dinamita | Centro Expositor en Los Fuertes de Loreto y Guadalupe | Fotograf\u00edas @MaraGlez_BTR \/ @Mv_ManuelVela \/ Edici\u00f3n y retoque www.pueblaexpres.com\" width=\"500\" height=\"333\" \/><\/a><script async src=\"\/\/embedr.flickr.com\/assets\/client-code.js\" charset=\"utf-8\"><\/script><\/p>\n<p>Los equipos STIHL solo se pueden encontrar en sus distribuidores autorizados STIHL ya que \u00fanicamente ellos pueden garantizar el mejor asesoramiento, servicios de posventa y ofrecer refacciones originales.<\/p>\n<p>Evento<\/p>\n<p><a title=\"MVF_0330 [Espect\u00e1culos] 5ta edici\u00f3n \u201cD\u00cdA DEL JARDINERO STIHL\u201d | La Sonora Dinamita | Centro Expositor en Los Fuertes de Loreto y Guadalupe | Fotograf\u00edas @MaraGlez_BTR \/ @Mv_ManuelVela \/ Edici\u00f3n y retoque www.pueblaexpres.com\" href=\"https:\/\/www.flickr.com\/photos\/manitas\/48040237917\/in\/album-72157709025651532\/\" data-flickr-embed=\"true\"><img loading=\"lazy\" decoding=\"async\" class=\"aligncenter\" src=\"https:\/\/live.staticflickr.com\/65535\/48040237917_ddb225f793.jpg\" alt=\"MVF_0330 [Espect\u00e1culos] 5ta edici\u00f3n \u201cD\u00cdA DEL JARDINERO STIHL\u201d | La Sonora Dinamita | Centro Expositor en Los Fuertes de Loreto y Guadalupe | Fotograf\u00edas @MaraGlez_BTR \/ @Mv_ManuelVela \/ Edici\u00f3n y retoque www.pueblaexpres.com\" width=\"500\" height=\"333\" \/><\/a><script async src=\"\/\/embedr.flickr.com\/assets\/client-code.js\" charset=\"utf-8\"><\/script><\/p>\n<p>Desde temprano, los grupos de fans tanto de la Sonora Dinamita como de Kumbia Kings ya se encontraban emocionados fuera del recinto del Centro Expositor en Los Fuertes de Loreto y Guadalupe acompa\u00f1ados de familiares y amigos para obtener el mejor lugar para presenciar el show.<!--more--><\/p>\n<p>En punto de las 11:00 am se abrieron las puertas para este magno evento, en donde el staff de STIHL estuvo regalando los mejores accesorios de la marca al p\u00fablico poblano, como son sombreros, vasos, dedos de espuma, sudaderas y muchas cosas m\u00e1s.<\/p>\n<p><a title=\"MVF_0410 [Espect\u00e1culos] 5ta edici\u00f3n \u201cD\u00cdA DEL JARDINERO STIHL\u201d | La Sonora Dinamita | Centro Expositor en Los Fuertes de Loreto y Guadalupe | Fotograf\u00edas @MaraGlez_BTR \/ @Mv_ManuelVela \/ Edici\u00f3n y retoque www.pueblaexpres.com\" href=\"https:\/\/www.flickr.com\/photos\/manitas\/48040173423\/in\/album-72157709025651532\/\" data-flickr-embed=\"true\"><img loading=\"lazy\" decoding=\"async\" class=\"aligncenter\" src=\"https:\/\/live.staticflickr.com\/65535\/48040173423_995604a3e3.jpg\" alt=\"MVF_0410 [Espect\u00e1culos] 5ta edici\u00f3n \u201cD\u00cdA DEL JARDINERO STIHL\u201d | La Sonora Dinamita | Centro Expositor en Los Fuertes de Loreto y Guadalupe | Fotograf\u00edas @MaraGlez_BTR \/ @Mv_ManuelVela \/ Edici\u00f3n y retoque www.pueblaexpres.com\" width=\"500\" height=\"333\" \/><\/a><script async src=\"\/\/embedr.flickr.com\/assets\/client-code.js\" charset=\"utf-8\"><\/script><\/p>\n<p>Entre el p\u00fablico se encontraban fans de los youtubers Juca y Berth quienes presentaron la camioneta que se rifar\u00eda entre los asistentes.<\/p>\n<p>La Sonora Dinamita<\/p>\n<p><a title=\"MVF_0653 [Espect\u00e1culos] 5ta edici\u00f3n \u201cD\u00cdA DEL JARDINERO STIHL\u201d | La Sonora Dinamita | Centro Expositor en Los Fuertes de Loreto y Guadalupe | Fotograf\u00edas @MaraGlez_BTR \/ @Mv_ManuelVela \/ Edici\u00f3n y retoque www.pueblaexpres.com\" href=\"https:\/\/www.flickr.com\/photos\/manitas\/48040135356\/in\/album-72157709025651532\/\" data-flickr-embed=\"true\"><img loading=\"lazy\" decoding=\"async\" class=\"aligncenter\" src=\"https:\/\/live.staticflickr.com\/65535\/48040135356_db02ebbc5f.jpg\" alt=\"MVF_0653 [Espect\u00e1culos] 5ta edici\u00f3n \u201cD\u00cdA DEL JARDINERO STIHL\u201d | La Sonora Dinamita | Centro Expositor en Los Fuertes de Loreto y Guadalupe | Fotograf\u00edas @MaraGlez_BTR \/ @Mv_ManuelVela \/ Edici\u00f3n y retoque www.pueblaexpres.com\" width=\"500\" height=\"333\" \/><\/a><script async src=\"\/\/embedr.flickr.com\/assets\/client-code.js\" charset=\"utf-8\"><\/script><\/p>\n<p>\u201cLa Sonora Dinamita\u201d fue la primera agrupaci\u00f3n en presentarse, pero antes de salir al escenario se dieron unos minutos para la conferencia de prensa.<\/p>\n<p>\u201cEs la tercera ocasi\u00f3n que STIHL nos invita a participar en este gran evento, siempre es un gusto venir a Puebla y ver a nuestros fieles seguidores\u201d comento Carlos \u00c1lvarez vocalista de la agrupaci\u00f3n.<\/p>\n<p><a title=\"MVF_0191 [Espect\u00e1culos] 5ta edici\u00f3n \u201cD\u00cdA DEL JARDINERO STIHL\u201d | La Sonora Dinamita | Centro Expositor en Los Fuertes de Loreto y Guadalupe | Fotograf\u00edas @MaraGlez_BTR \/ @Mv_ManuelVela \/ Edici\u00f3n y retoque www.pueblaexpres.com\" href=\"https:\/\/www.flickr.com\/photos\/manitas\/48040135456\/in\/album-72157709025651532\/\" data-flickr-embed=\"true\"><img loading=\"lazy\" decoding=\"async\" class=\"aligncenter\" src=\"https:\/\/live.staticflickr.com\/65535\/48040135456_fc152f9300.jpg\" alt=\"MVF_0191 [Espect\u00e1culos] 5ta edici\u00f3n \u201cD\u00cdA DEL JARDINERO STIHL\u201d | La Sonora Dinamita | Centro Expositor en Los Fuertes de Loreto y Guadalupe | Fotograf\u00edas @MaraGlez_BTR \/ @Mv_ManuelVela \/ Edici\u00f3n y retoque www.pueblaexpres.com\" width=\"500\" height=\"333\" \/><\/a><script async src=\"\/\/embedr.flickr.com\/assets\/client-code.js\" charset=\"utf-8\"><\/script><\/p>\n<p>Al salir al escenario inmediatamente hicieron bailar a muchas parejas con canciones como \u201cQue bello\u201d, \u201cEscandalo\u201d, \u201cMil horas\u201d, \u201cQue nadie sepa mi sufrir\u201d, \u201cMis sentimientos\u201d.<\/p>\n<p>La Sonora Dinamita subi\u00f3 al escenario a unas personas entre el p\u00fablico a bailar con ellos la canci\u00f3n de \u201cMi cuc\u00fa\u201d.<\/p>\n<p><a title=\"IMG_0491 [Espect\u00e1culos] 5ta edici\u00f3n \u201cD\u00cdA DEL JARDINERO STIHL\u201d | La Sonora Dinamita | Centro Expositor en Los Fuertes de Loreto y Guadalupe | Fotograf\u00edas @MaraGlez_BTR \/ @Mv_ManuelVela \/ Edici\u00f3n y retoque www.pueblaexpres.com\" href=\"https:\/\/www.flickr.com\/photos\/manitas\/48040237967\/in\/album-72157709025651532\/\" data-flickr-embed=\"true\"><img loading=\"lazy\" decoding=\"async\" class=\"aligncenter\" src=\"https:\/\/live.staticflickr.com\/65535\/48040237967_44217e4267.jpg\" alt=\"IMG_0491 [Espect\u00e1culos] 5ta edici\u00f3n \u201cD\u00cdA DEL JARDINERO STIHL\u201d | La Sonora Dinamita | Centro Expositor en Los Fuertes de Loreto y Guadalupe | Fotograf\u00edas @MaraGlez_BTR \/ @Mv_ManuelVela \/ Edici\u00f3n y retoque www.pueblaexpres.com\" width=\"500\" height=\"333\" \/><\/a><script async src=\"\/\/embedr.flickr.com\/assets\/client-code.js\" charset=\"utf-8\"><\/script><\/p>\n<p>Amigo lector le pedimos contin\u00fae al pendiente de nuestras redes sociales y nuestro portal en la secci\u00f3n ESPECT\u00c1CULOS, ya que en el encontrar\u00e1 los mejor eventos\u2026<\/p>\n<p><strong>LA OPINI\u00d3N EXPRESADA EN ESTA COLUMNA ES RESPONSABILIDAD DE QUIEN LA ESCRIBE Y NO BUSCA GENERAR CONFLICTOS ENTRE LOS INVOLUCRADOS, SINO GENERAR CONCIENCIA EN CADA LECTOR.<\/strong><\/p>\n<p>[miniflickr photoset_id=72157709025651532&amp;sortby=date-posted-asc&amp;per_page=17]<\/p>\n","protected":false},"excerpt":{"rendered":"<p>Redacci\u00f3n | Fotograf\u00edas Mara Gonz\u00e1lez @MaraGlez_BTR \/ Manuel Vela @Mv_ManuelVela #PueblaExpres @PueblaExpres D\u00cdA DEL JARDINERO STIHL Por quinto a\u00f1o consecutivo, el d\u00eda 09 de junio se llev\u00f3 a cabo con gran \u00e9xito el \u201cD\u00cdA DEL JARDINERO STIHL\u201d un EVENTO MASIVO. STIHL es una empresa alemana con m\u00e1s de 90 a\u00f1os en el mundo y m\u00e1s [&hellip;]<\/p>\n","protected":false},"author":2,"featured_media":10449,"comment_status":"open","ping_status":"open","sticky":false,"template":"","format":"standard","meta":{"footnotes":""},"categories":[8,42,166,170,36,171,1,7],"tags":[],"_links":{"self":[{"href":"https:\/\/pueblaexpres.com\/portal\/index.php?rest_route=\/wp\/v2\/posts\/10448"}],"collection":[{"href":"https:\/\/pueblaexpres.com\/portal\/index.php?rest_route=\/wp\/v2\/posts"}],"about":[{"href":"https:\/\/pueblaexpres.com\/portal\/index.php?rest_route=\/wp\/v2\/types\/post"}],"author":[{"embeddable":true,"href":"https:\/\/pueblaexpres.com\/portal\/index.php?rest_route=\/wp\/v2\/users\/2"}],"replies":[{"embeddable":true,"href":"https:\/\/pueblaexpres.com\/portal\/index.php?rest_route=%2Fwp%2Fv2%2Fcomments&post=10448"}],"version-history":[{"count":1,"href":"https:\/\/pueblaexpres.com\/portal\/index.php?rest_route=\/wp\/v2\/posts\/10448\/revisions"}],"predecessor-version":[{"id":10450,"href":"https:\/\/pueblaexpres.com\/portal\/index.php?rest_route=\/wp\/v2\/posts\/10448\/revisions\/10450"}],"wp:featuredmedia":[{"embeddable":true,"href":"https:\/\/pueblaexpres.com\/portal\/index.php?rest_route=\/wp\/v2\/media\/10449"}],"wp:attachment":[{"href":"https:\/\/pueblaexpres.com\/portal\/index.php?rest_route=%2Fwp%2Fv2%2Fmedia&parent=10448"}],"wp:term":[{"taxonomy":"category","embeddable":true,"href":"https:\/\/pueblaexpres.com\/portal\/index.php?rest_route=%2Fwp%2Fv2%2Fcategories&post=10448"},{"taxonomy":"post_tag","embeddable":true,"href":"https:\/\/pueblaexpres.com\/portal\/index.php?rest_route=%2Fwp%2Fv2%2Ftags&post=10448"}],"curies":[{"name":"wp","href":"https:\/\/api.w.org\/{rel}","templated":true}]}}