{"id":10435,"date":"2019-06-08T16:46:22","date_gmt":"2019-06-08T22:46:22","guid":{"rendered":"https:\/\/pueblaexpres.com\/portal\/?p=10435"},"modified":"2019-06-08T16:46:22","modified_gmt":"2019-06-08T22:46:22","slug":"transfer-franja-2da-edicion-homenaje-a-alvaro-bola-gonzalez-celebracion-75-aniversario-club-puebla-estadio-cuauhtemoc","status":"publish","type":"post","link":"https:\/\/pueblaexpres.com\/portal\/?p=10435","title":{"rendered":"[Transfer Franja 2da Edici\u00f3n] Homenaje a: \u00c1lvaro \u201cBola\u201d Gonz\u00e1lez | Celebraci\u00f3n 75 Aniversario Club Puebla | Estadio Cuauht\u00e9moc"},"content":{"rendered":"<div name=\"googleone_share_1\" style=\"position:relative;z-index:5;float: right; margin-left: 10px;\"><g:plusone size=\"tall\" count=\"1\" href=\"https:\/\/pueblaexpres.com\/portal\/?p=10435\"><\/g:plusone><\/div><p><a href=\"https:\/\/pueblaexpres.com\/portal\/wp-content\/uploads\/2019\/06\/MVF_0142.jpg\"><img loading=\"lazy\" decoding=\"async\" class=\"wp-image-10436 aligncenter\" src=\"https:\/\/pueblaexpres.com\/portal\/wp-content\/uploads\/2019\/06\/MVF_0142.jpg\" alt=\"\" width=\"500\" height=\"333\" srcset=\"https:\/\/pueblaexpres.com\/portal\/wp-content\/uploads\/2019\/06\/MVF_0142.jpg 800w, https:\/\/pueblaexpres.com\/portal\/wp-content\/uploads\/2019\/06\/MVF_0142-300x200.jpg 300w, https:\/\/pueblaexpres.com\/portal\/wp-content\/uploads\/2019\/06\/MVF_0142-768x512.jpg 768w, https:\/\/pueblaexpres.com\/portal\/wp-content\/uploads\/2019\/06\/MVF_0142-640x426.jpg 640w\" sizes=\"(max-width: 500px) 100vw, 500px\" \/><\/a><\/p>\n<p><strong>Redacci\u00f3n Alland Jhonnathan \/ https:\/\/www.elsoldepuebla.com.mx\/deportes | Fotograf\u00edas Mara Gonz\u00e1lez @MaraGlez_BTR \/ Lyz Vega @lyz_vega \/ Manuel Vela @Mv_ManuelVela #PueblaExpres @PueblaExpres<\/strong><\/p>\n<p>El Transfer Franja, evento ideado para acercar al Puebla a su afici\u00f3n, le sirvi\u00f3 el viernes al club para rendir un homenaje a uno de sus s\u00edmbolos: \u00c1lvaro \u201cBola\u201d Gonz\u00e1lez.<\/p>\n<p><a title=\"MVF_0090 [Transfer Franja 2da Edici\u00f3n] Homenaje a: \u00c1lvaro \u201cBola\u201d Gonz\u00e1lez | Club Puebla | Estadio Cuauht\u00e9moc | Fotograf\u00edas @MaraGlez_BTR \/ @Mv_ManuelVela para @PueblaExpres www.pueblaexpres.com\" href=\"https:\/\/www.flickr.com\/photos\/manitas\/48026749231\/in\/album-72157708993261687\/\" data-flickr-embed=\"true\"><img loading=\"lazy\" decoding=\"async\" class=\"aligncenter\" src=\"https:\/\/live.staticflickr.com\/65535\/48026749231_510b3386d8.jpg\" alt=\"MVF_0090 [Transfer Franja 2da Edici\u00f3n] Homenaje a: \u00c1lvaro \u201cBola\u201d Gonz\u00e1lez | Club Puebla | Estadio Cuauht\u00e9moc | Fotograf\u00edas @MaraGlez_BTR \/ @Mv_ManuelVela para @PueblaExpres www.pueblaexpres.com\" width=\"500\" height=\"333\" \/><\/a><script async src=\"\/\/embedr.flickr.com\/assets\/client-code.js\" charset=\"utf-8\"><\/script><\/p>\n<p>El uruguayo, pieza clave en la consecuci\u00f3n del ascenso en 2007, sinti\u00f3 el calor de los abonados del equipo en el estadio Cuauht\u00e9moc, en donde se reencontr\u00f3 con Jos\u00e9 Luis S\u00e1nchez Sol\u00e1.<\/p>\n<p>\u201cHa sido una de las alegr\u00edas m\u00e1s grandes de mi vida regresar despu\u00e9s de nueve a\u00f1os. El entrar al vestuario, ver las gradas del estadio, me puso la piel chinita\u201d, dijo Gonz\u00e1lez visiblemente emocionado.<\/p>\n<p><a title=\"MVF_5786 [Transfer Franja 2da Edici\u00f3n] Homenaje a: \u00c1lvaro \u201cBola\u201d Gonz\u00e1lez | Club Puebla | Estadio Cuauht\u00e9moc | Fotograf\u00edas @MaraGlez_BTR \/ @Mv_ManuelVela para @PueblaExpres www.pueblaexpres.com\" href=\"https:\/\/www.flickr.com\/photos\/manitas\/48026749076\/in\/album-72157708993261687\/\" data-flickr-embed=\"true\"><img loading=\"lazy\" decoding=\"async\" class=\"aligncenter\" src=\"https:\/\/live.staticflickr.com\/65535\/48026749076_807edbf907.jpg\" alt=\"MVF_5786 [Transfer Franja 2da Edici\u00f3n] Homenaje a: \u00c1lvaro \u201cBola\u201d Gonz\u00e1lez | Club Puebla | Estadio Cuauht\u00e9moc | Fotograf\u00edas @MaraGlez_BTR \/ @Mv_ManuelVela para @PueblaExpres www.pueblaexpres.com\" width=\"500\" height=\"333\" \/><\/a><script async src=\"\/\/embedr.flickr.com\/assets\/client-code.js\" charset=\"utf-8\"><\/script><\/p>\n<p>\u201cH\u00e1ganle caso a ese se\u00f1or (Chelis), porque estoy seguro los calificar\u00e1 a la Liguilla. Chelas, te va a ir bien y \u00e9xito\u201d, a\u00f1adi\u00f3.<!--more--><\/p>\n<p>SU MOMENTO<\/p>\n<p><a title=\"MVF_7716 [Transfer Franja 2da Edici\u00f3n] Homenaje a: \u00c1lvaro \u201cBola\u201d Gonz\u00e1lez | Club Puebla | Estadio Cuauht\u00e9moc | Fotograf\u00edas @MaraGlez_BTR \/ @Mv_ManuelVela para @PueblaExpres www.pueblaexpres.com\" href=\"https:\/\/www.flickr.com\/photos\/manitas\/48026748736\/in\/album-72157708993261687\/\" data-flickr-embed=\"true\"><img loading=\"lazy\" decoding=\"async\" class=\"aligncenter\" src=\"https:\/\/live.staticflickr.com\/65535\/48026748736_4389a6c9d6.jpg\" alt=\"MVF_7716 [Transfer Franja 2da Edici\u00f3n] Homenaje a: \u00c1lvaro \u201cBola\u201d Gonz\u00e1lez | Club Puebla | Estadio Cuauht\u00e9moc | Fotograf\u00edas @MaraGlez_BTR \/ @Mv_ManuelVela para @PueblaExpres www.pueblaexpres.com\" width=\"500\" height=\"333\" \/><\/a><script async src=\"\/\/embedr.flickr.com\/assets\/client-code.js\" charset=\"utf-8\"><\/script><\/p>\n<p>Los goles del ascenso en 2007 guardan un lugar especial en el coraz\u00f3n de Gonz\u00e1lez. Ese momento, adem\u00e1s, se ha convertido en un hito en la historia del club, pues desde entonces el equipo se ha mantenido en Primera Divisi\u00f3n.<\/p>\n<p>\u201cLos goles de la final de ascenso, creo que con eso me quedo. Se trataba de un equipo joven y de viejitos como yo, por el que nadie daba nada, pero al final cumpli\u00f3 la meta\u201d, record\u00f3.<\/p>\n<p><a title=\"MVF_7630 [Transfer Franja 2da Edici\u00f3n] Homenaje a: \u00c1lvaro \u201cBola\u201d Gonz\u00e1lez | Club Puebla | Estadio Cuauht\u00e9moc | Fotograf\u00edas @MaraGlez_BTR \/ @Mv_ManuelVela para @PueblaExpres www.pueblaexpres.com\" href=\"https:\/\/www.flickr.com\/photos\/manitas\/48026784893\/in\/album-72157708993261687\/\" data-flickr-embed=\"true\"><img loading=\"lazy\" decoding=\"async\" class=\"aligncenter\" src=\"https:\/\/live.staticflickr.com\/65535\/48026784893_fb5be0e603.jpg\" alt=\"MVF_7630 [Transfer Franja 2da Edici\u00f3n] Homenaje a: \u00c1lvaro \u201cBola\u201d Gonz\u00e1lez | Club Puebla | Estadio Cuauht\u00e9moc | Fotograf\u00edas @MaraGlez_BTR \/ @Mv_ManuelVela para @PueblaExpres www.pueblaexpres.com\" width=\"500\" height=\"333\" \/><\/a><script async src=\"\/\/embedr.flickr.com\/assets\/client-code.js\" charset=\"utf-8\"><\/script><\/p>\n<p>AL CIERRE<\/p>\n<p>El director de marketing del club, Rogelio Roa, adelant\u00f3 la publicaci\u00f3n de un libro con la historia de los 75 a\u00f1os de La Franja. Se tratar\u00e1n de mil 944 piezas, con venta preferente a los abonados del club.<\/p>\n<p><a title=\"MVF_7881 [Transfer Franja 2da Edici\u00f3n] Homenaje a: \u00c1lvaro \u201cBola\u201d Gonz\u00e1lez | Club Puebla | Estadio Cuauht\u00e9moc | Fotograf\u00edas @MaraGlez_BTR \/ @Mv_ManuelVela para @PueblaExpres www.pueblaexpres.com\" href=\"https:\/\/www.flickr.com\/photos\/manitas\/48026855902\/in\/album-72157708993261687\/\" data-flickr-embed=\"true\"><img loading=\"lazy\" decoding=\"async\" class=\"aligncenter\" src=\"https:\/\/live.staticflickr.com\/65535\/48026855902_22260d9cb1.jpg\" alt=\"MVF_7881 [Transfer Franja 2da Edici\u00f3n] Homenaje a: \u00c1lvaro \u201cBola\u201d Gonz\u00e1lez | Club Puebla | Estadio Cuauht\u00e9moc | Fotograf\u00edas @MaraGlez_BTR \/ @Mv_ManuelVela para @PueblaExpres www.pueblaexpres.com\" width=\"500\" height=\"333\" \/><\/a><script async src=\"\/\/embedr.flickr.com\/assets\/client-code.js\" charset=\"utf-8\"><\/script><\/p>\n<p>Adem\u00e1s, el directivo asegur\u00f3 La Franja jugar\u00e1 el 70 por ciento de sus partidos como local los viernes a las 19.00 horas.<\/p>\n<p><strong>LA OPINI\u00d3N EXPRESADA EN ESTA COLUMNA ES RESPONSABILIDAD DE QUIEN LA ESCRIBE Y NO BUSCA GENERAR CONFLICTOS ENTRE LOS INVOLUCRADOS, SINO GENERAR CONCIENCIA EN CADA LECTOR.<\/strong><\/p>\n<p>[miniflickr photoset_id=72157708993261687&amp;sortby=date-posted-asc&amp;per_page=29]<\/p>\n","protected":false},"excerpt":{"rendered":"<p>Redacci\u00f3n Alland Jhonnathan \/ https:\/\/www.elsoldepuebla.com.mx\/deportes | Fotograf\u00edas Mara Gonz\u00e1lez @MaraGlez_BTR \/ Lyz Vega @lyz_vega \/ Manuel Vela @Mv_ManuelVela #PueblaExpres @PueblaExpres El Transfer Franja, evento ideado para acercar al Puebla a su afici\u00f3n, le sirvi\u00f3 el viernes al club para rendir un homenaje a uno de sus s\u00edmbolos: \u00c1lvaro \u201cBola\u201d Gonz\u00e1lez. El uruguayo, pieza clave en [&hellip;]<\/p>\n","protected":false},"author":2,"featured_media":10436,"comment_status":"open","ping_status":"open","sticky":false,"template":"","format":"standard","meta":{"footnotes":""},"categories":[8,42,166,170,36,13,3,171,1,7],"tags":[],"_links":{"self":[{"href":"https:\/\/pueblaexpres.com\/portal\/index.php?rest_route=\/wp\/v2\/posts\/10435"}],"collection":[{"href":"https:\/\/pueblaexpres.com\/portal\/index.php?rest_route=\/wp\/v2\/posts"}],"about":[{"href":"https:\/\/pueblaexpres.com\/portal\/index.php?rest_route=\/wp\/v2\/types\/post"}],"author":[{"embeddable":true,"href":"https:\/\/pueblaexpres.com\/portal\/index.php?rest_route=\/wp\/v2\/users\/2"}],"replies":[{"embeddable":true,"href":"https:\/\/pueblaexpres.com\/portal\/index.php?rest_route=%2Fwp%2Fv2%2Fcomments&post=10435"}],"version-history":[{"count":1,"href":"https:\/\/pueblaexpres.com\/portal\/index.php?rest_route=\/wp\/v2\/posts\/10435\/revisions"}],"predecessor-version":[{"id":10437,"href":"https:\/\/pueblaexpres.com\/portal\/index.php?rest_route=\/wp\/v2\/posts\/10435\/revisions\/10437"}],"wp:featuredmedia":[{"embeddable":true,"href":"https:\/\/pueblaexpres.com\/portal\/index.php?rest_route=\/wp\/v2\/media\/10436"}],"wp:attachment":[{"href":"https:\/\/pueblaexpres.com\/portal\/index.php?rest_route=%2Fwp%2Fv2%2Fmedia&parent=10435"}],"wp:term":[{"taxonomy":"category","embeddable":true,"href":"https:\/\/pueblaexpres.com\/portal\/index.php?rest_route=%2Fwp%2Fv2%2Fcategories&post=10435"},{"taxonomy":"post_tag","embeddable":true,"href":"https:\/\/pueblaexpres.com\/portal\/index.php?rest_route=%2Fwp%2Fv2%2Ftags&post=10435"}],"curies":[{"name":"wp","href":"https:\/\/api.w.org\/{rel}","templated":true}]}}