{"id":10426,"date":"2019-06-04T14:42:42","date_gmt":"2019-06-04T20:42:42","guid":{"rendered":"https:\/\/pueblaexpres.com\/portal\/?p=10426"},"modified":"2019-06-04T14:42:42","modified_gmt":"2019-06-04T20:42:42","slug":"espectaculos-15-de-junio-la-dama-de-negro-dos-funciones-1800-y-2030-horas-teatro-de-la-cuidad-puebla","status":"publish","type":"post","link":"https:\/\/pueblaexpres.com\/portal\/?p=10426","title":{"rendered":"[Espect\u00e1culos] 15 de Junio | \u201cLa Dama de Negro\u201d | DOS FUNCIONES 18:00 y 20:30 horas | Teatro de la Cuidad | Puebla"},"content":{"rendered":"<div name=\"googleone_share_1\" style=\"position:relative;z-index:5;float: right; margin-left: 10px;\"><g:plusone size=\"tall\" count=\"1\" href=\"https:\/\/pueblaexpres.com\/portal\/?p=10426\"><\/g:plusone><\/div><p><a href=\"https:\/\/pueblaexpres.com\/portal\/wp-content\/uploads\/2019\/06\/MVF_0432.jpg\"><img loading=\"lazy\" decoding=\"async\" class=\"wp-image-10427 aligncenter\" src=\"https:\/\/pueblaexpres.com\/portal\/wp-content\/uploads\/2019\/06\/MVF_0432.jpg\" alt=\"\" width=\"501\" height=\"334\" srcset=\"https:\/\/pueblaexpres.com\/portal\/wp-content\/uploads\/2019\/06\/MVF_0432.jpg 800w, https:\/\/pueblaexpres.com\/portal\/wp-content\/uploads\/2019\/06\/MVF_0432-300x200.jpg 300w, https:\/\/pueblaexpres.com\/portal\/wp-content\/uploads\/2019\/06\/MVF_0432-768x512.jpg 768w, https:\/\/pueblaexpres.com\/portal\/wp-content\/uploads\/2019\/06\/MVF_0432-640x426.jpg 640w\" sizes=\"(max-width: 501px) 100vw, 501px\" \/><\/a><\/p>\n<p><strong>Redacci\u00f3n | Fotograf\u00edas Mara Gonz\u00e1lez @MaraGlez_BTR \/ Manuel Vela @Mv_ManuelVela #PueblaExpres @PueblaExpres<\/strong><\/p>\n<p>LA DAMA DE NEGRO<\/p>\n<p><a title=\"MVF_0425 [Espect\u00e1culos] 15 de Junio | \u201cLa Dama de Negro\u201d | DOS FUNCIONES 18:00 y 20:30 horas | Teatro de la Cuidad | Puebla | Fotograf\u00edas Mara Gonz\u00e1lez @MaraGlez_BTR para Mv Fotograf\u00eda Profesional \/ Edici\u00f3n y retoque www.pueblaexpres.com\" href=\"https:\/\/www.flickr.com\/photos\/manitas\/48002791546\/in\/album-72157708928232861\/\" data-flickr-embed=\"true\"><img loading=\"lazy\" decoding=\"async\" class=\"aligncenter\" src=\"https:\/\/live.staticflickr.com\/65535\/48002791546_1e14fe5100.jpg\" alt=\"MVF_0425 [Espect\u00e1culos] 15 de Junio | \u201cLa Dama de Negro\u201d | DOS FUNCIONES 18:00 y 20:30 horas | Teatro de la Cuidad | Puebla | Fotograf\u00edas Mara Gonz\u00e1lez @MaraGlez_BTR para Mv Fotograf\u00eda Profesional \/ Edici\u00f3n y retoque www.pueblaexpres.com\" width=\"500\" height=\"333\" \/><\/a><script async src=\"\/\/embedr.flickr.com\/assets\/client-code.js\" charset=\"utf-8\"><\/script><\/p>\n<p>Sinopsis<\/p>\n<p>La Dama de Negro es una obra de teatro ic\u00f3nica que atrapa a la audiencia por el miedo y la fascinaci\u00f3n que despierta gracias a su realismo. Con m\u00e1s de dos d\u00e9cadas en cartelera es todo un cl\u00e1sico del terror en M\u00e9xico.<\/p>\n<p>El pr\u00f3ximo 15 de junio llega a Puebla la escalofriante obra de teatro \u201cLa Dama de Negro\u201d en el Teatro de la Cuidad con 2 funciones: 18 horas y 20:30 horas.<\/p>\n<p>El productor Antonio Calvo y los actores Alejandro Tomassi, Rafael Perr\u00edn y Patricia Perr\u00edn, pondr\u00e1n los pelos de punta a todos los poblanos con esta historia escrita por Susan Hill, destacando que el g\u00e9nero del terror no es com\u00fan en el teatro de nuestro pa\u00eds.<!--more--><\/p>\n<p><a title=\"MVF_0413 [Espect\u00e1culos] 15 de Junio | \u201cLa Dama de Negro\u201d | DOS FUNCIONES 18:00 y 20:30 horas | Teatro de la Cuidad | Puebla | Fotograf\u00edas Mara Gonz\u00e1lez @MaraGlez_BTR para Mv Fotograf\u00eda Profesional \/ Edici\u00f3n y retoque www.pueblaexpres.com\" href=\"https:\/\/www.flickr.com\/photos\/manitas\/48002791556\/in\/album-72157708928232861\/\" data-flickr-embed=\"true\"><img loading=\"lazy\" decoding=\"async\" class=\"aligncenter\" src=\"https:\/\/live.staticflickr.com\/65535\/48002791556_f8f565e98b.jpg\" alt=\"MVF_0413 [Espect\u00e1culos] 15 de Junio | \u201cLa Dama de Negro\u201d | DOS FUNCIONES 18:00 y 20:30 horas | Teatro de la Cuidad | Puebla | Fotograf\u00edas Mara Gonz\u00e1lez @MaraGlez_BTR para Mv Fotograf\u00eda Profesional \/ Edici\u00f3n y retoque www.pueblaexpres.com\" width=\"500\" height=\"333\" \/><\/a><script async src=\"\/\/embedr.flickr.com\/assets\/client-code.js\" charset=\"utf-8\"><\/script><\/p>\n<p>Los boletos se encuentran disponibles en www.blackticket.com.mx o puntos de venta autorizados.<\/p>\n<p>Para mayor facilidad esta es la liga directa de venta https:\/\/web.blackticket.com.mx\/Web\/evento\/1614<\/p>\n<p style=\"text-align: center;\"><strong>PRECIOS:<\/strong><\/p>\n<p style=\"text-align: center;\"><strong>VIP DEL MIEDO $605.00 MX<\/strong><br \/>\n<strong>PALCO ATERRADOR PRIMER NIVEL $605.00 MX<\/strong><br \/>\n<strong>PLATEA DEL TERROR $495.00 MX<\/strong><br \/>\n<strong>PALCO DEL SUSTO SEGUNDO NIVEL $495.00 MX<\/strong><br \/>\n<strong>PALCO DIAB\u00d3LICO PRINCIPAL $495.00 MX<\/strong><br \/>\n<strong>PALCO MACABRO TERCER NIVEL $385.00 MX<\/strong><\/p>\n<p><a title=\"MVF_0413 [Espect\u00e1culos] 15 de Junio | \u201cLa Dama de Negro\u201d | DOS FUNCIONES 18:00 y 20:30 horas | Teatro de la Cuidad | Puebla | Fotograf\u00edas Mara Gonz\u00e1lez @MaraGlez_BTR para Mv Fotograf\u00eda Profesional \/ Edici\u00f3n y retoque www.pueblaexpres.com\" href=\"https:\/\/www.flickr.com\/photos\/manitas\/48002791556\/in\/album-72157708928232861\/\" data-flickr-embed=\"true\"><img loading=\"lazy\" decoding=\"async\" class=\"aligncenter\" src=\"https:\/\/live.staticflickr.com\/65535\/48002791556_f8f565e98b.jpg\" alt=\"MVF_0413 [Espect\u00e1culos] 15 de Junio | \u201cLa Dama de Negro\u201d | DOS FUNCIONES 18:00 y 20:30 horas | Teatro de la Cuidad | Puebla | Fotograf\u00edas Mara Gonz\u00e1lez @MaraGlez_BTR para Mv Fotograf\u00eda Profesional \/ Edici\u00f3n y retoque www.pueblaexpres.com\" width=\"500\" height=\"333\" \/><\/a><script async src=\"\/\/embedr.flickr.com\/assets\/client-code.js\" charset=\"utf-8\"><\/script><\/p>\n<p>Boletos disponibles por la boletera Blackticket evento sujeto a cargo x servicio por el sistema www.blackticket.com.mx los cuales no est\u00e1n incluidos en el precio listado.<\/p>\n<p>Amigo lector le pedimos contin\u00fae al pendiente de nuestras redes sociales y nuestro portal en la secci\u00f3n ESPECT\u00c1CULOS, ya que en el encontrar\u00e1 los mejores eventos\u2026<\/p>\n<p><strong>LA OPINI\u00d3N EXPRESADA EN ESTA COLUMNA ES RESPONSABILIDAD DE QUIEN LA ESCRIBE Y NO BUSCA GENERAR CONFLICTOS ENTRE LOS INVOLUCRADOS, SINO GENERAR CONCIENCIA EN CADA LECTOR.<\/strong><\/p>\n<p>[miniflickr photoset_id=72157708928232861&amp;sortby=date-posted-asc&amp;per_page=6]<\/p>\n","protected":false},"excerpt":{"rendered":"<p>Redacci\u00f3n | Fotograf\u00edas Mara Gonz\u00e1lez @MaraGlez_BTR \/ Manuel Vela @Mv_ManuelVela #PueblaExpres @PueblaExpres LA DAMA DE NEGRO Sinopsis La Dama de Negro es una obra de teatro ic\u00f3nica que atrapa a la audiencia por el miedo y la fascinaci\u00f3n que despierta gracias a su realismo. Con m\u00e1s de dos d\u00e9cadas en cartelera es todo un cl\u00e1sico [&hellip;]<\/p>\n","protected":false},"author":2,"featured_media":10427,"comment_status":"open","ping_status":"open","sticky":false,"template":"","format":"standard","meta":{"footnotes":""},"categories":[8,42,166,170,36,171,1,7],"tags":[],"_links":{"self":[{"href":"https:\/\/pueblaexpres.com\/portal\/index.php?rest_route=\/wp\/v2\/posts\/10426"}],"collection":[{"href":"https:\/\/pueblaexpres.com\/portal\/index.php?rest_route=\/wp\/v2\/posts"}],"about":[{"href":"https:\/\/pueblaexpres.com\/portal\/index.php?rest_route=\/wp\/v2\/types\/post"}],"author":[{"embeddable":true,"href":"https:\/\/pueblaexpres.com\/portal\/index.php?rest_route=\/wp\/v2\/users\/2"}],"replies":[{"embeddable":true,"href":"https:\/\/pueblaexpres.com\/portal\/index.php?rest_route=%2Fwp%2Fv2%2Fcomments&post=10426"}],"version-history":[{"count":1,"href":"https:\/\/pueblaexpres.com\/portal\/index.php?rest_route=\/wp\/v2\/posts\/10426\/revisions"}],"predecessor-version":[{"id":10428,"href":"https:\/\/pueblaexpres.com\/portal\/index.php?rest_route=\/wp\/v2\/posts\/10426\/revisions\/10428"}],"wp:featuredmedia":[{"embeddable":true,"href":"https:\/\/pueblaexpres.com\/portal\/index.php?rest_route=\/wp\/v2\/media\/10427"}],"wp:attachment":[{"href":"https:\/\/pueblaexpres.com\/portal\/index.php?rest_route=%2Fwp%2Fv2%2Fmedia&parent=10426"}],"wp:term":[{"taxonomy":"category","embeddable":true,"href":"https:\/\/pueblaexpres.com\/portal\/index.php?rest_route=%2Fwp%2Fv2%2Fcategories&post=10426"},{"taxonomy":"post_tag","embeddable":true,"href":"https:\/\/pueblaexpres.com\/portal\/index.php?rest_route=%2Fwp%2Fv2%2Ftags&post=10426"}],"curies":[{"name":"wp","href":"https:\/\/api.w.org\/{rel}","templated":true}]}}