{"id":10420,"date":"2019-06-02T21:40:04","date_gmt":"2019-06-03T03:40:04","guid":{"rendered":"https:\/\/pueblaexpres.com\/portal\/?p=10420"},"modified":"2019-06-02T21:40:04","modified_gmt":"2019-06-03T03:40:04","slug":"partido-homenaje-pablo-larios-la-leyenda-amigos-de-pablo-larios-vs-leyendas-de-la-franja-club-puebla-estadio-cuauhtemoc","status":"publish","type":"post","link":"https:\/\/pueblaexpres.com\/portal\/?p=10420","title":{"rendered":"[Partido Homenaje Pablo Larios \u201cLa Leyenda\u201d] Amigos de Pablo Larios vs Leyendas de la Franja | Club Puebla | Estadio Cuauht\u00e9moc"},"content":{"rendered":"<div name=\"googleone_share_1\" style=\"position:relative;z-index:5;float: right; margin-left: 10px;\"><g:plusone size=\"tall\" count=\"1\" href=\"https:\/\/pueblaexpres.com\/portal\/?p=10420\"><\/g:plusone><\/div><p><a href=\"https:\/\/pueblaexpres.com\/portal\/wp-content\/uploads\/2019\/06\/MVF_6378.jpg\"><img loading=\"lazy\" decoding=\"async\" class=\"wp-image-10421 aligncenter\" src=\"https:\/\/pueblaexpres.com\/portal\/wp-content\/uploads\/2019\/06\/MVF_6378.jpg\" alt=\"\" width=\"502\" height=\"282\" srcset=\"https:\/\/pueblaexpres.com\/portal\/wp-content\/uploads\/2019\/06\/MVF_6378.jpg 948w, https:\/\/pueblaexpres.com\/portal\/wp-content\/uploads\/2019\/06\/MVF_6378-300x169.jpg 300w, https:\/\/pueblaexpres.com\/portal\/wp-content\/uploads\/2019\/06\/MVF_6378-768x432.jpg 768w, https:\/\/pueblaexpres.com\/portal\/wp-content\/uploads\/2019\/06\/MVF_6378-640x360.jpg 640w\" sizes=\"(max-width: 502px) 100vw, 502px\" \/><\/a><\/p>\n<p><strong>Redacci\u00f3n | Fotograf\u00edas Mara Gonz\u00e1lez @MaraGlez_BTR \/ Lyz Vega @lyz_vega \/ Manuel Vela @Mv_ManuelVela #PueblaExpres @PueblaExpres<\/strong><\/p>\n<p>Partido Homenaje a Pablo Larios<\/p>\n<p><a title=\"MVF_0351 [Partido Homenaje Pablo Larios \u201cLa Leyenda\u201d] Amigos de Pablo Larios vs Leyendas de la Franja | Club Puebla | Estadio Cuauht\u00e9moc Fotograf\u00edas @MaraGlez_BTR \/ @Mv_ManuelVela para @PueblaExpres www.pueblaexpres.com\" href=\"https:\/\/www.flickr.com\/photos\/manitas\/47990734703\/in\/album-72157708898656667\/\" data-flickr-embed=\"true\"><img loading=\"lazy\" decoding=\"async\" class=\"aligncenter\" src=\"https:\/\/live.staticflickr.com\/65535\/47990734703_3335b1e863.jpg\" alt=\"MVF_0351 [Partido Homenaje Pablo Larios \u201cLa Leyenda\u201d] Amigos de Pablo Larios vs Leyendas de la Franja | Club Puebla | Estadio Cuauht\u00e9moc Fotograf\u00edas @MaraGlez_BTR \/ @Mv_ManuelVela para @PueblaExpres www.pueblaexpres.com\" width=\"500\" height=\"333\" \/><\/a><script async src=\"\/\/embedr.flickr.com\/assets\/client-code.js\" charset=\"utf-8\"><\/script><\/p>\n<p>Lo que le dio a la Franja y al pa\u00eds es inolvidable, es por eso que, el Club Puebla decidi\u00f3 realizar un partido de homenaje a beneficio de Pablo Larios.<\/p>\n<p>El encuentro se realiz\u00f3 en el Estadio Cuauht\u00e9moc el domingo 2 de junio en punto del medio d\u00eda, el partido lo disputaron los equipos de Leyendas del Puebla y Amigos de Pablo Larios.<\/p>\n<p><a title=\"MVF_0202 [Partido Homenaje Pablo Larios \u201cLa Leyenda\u201d] Amigos de Pablo Larios vs Leyendas de la Franja | Club Puebla | Estadio Cuauht\u00e9moc Fotograf\u00edas @MaraGlez_BTR \/ @Mv_ManuelVela para @PueblaExpres www.pueblaexpres.com\" href=\"https:\/\/www.flickr.com\/photos\/manitas\/47990784801\/in\/album-72157708898656667\/\" data-flickr-embed=\"true\"><img loading=\"lazy\" decoding=\"async\" class=\"aligncenter\" src=\"https:\/\/live.staticflickr.com\/65535\/47990784801_f3526641f4.jpg\" alt=\"MVF_0202 [Partido Homenaje Pablo Larios \u201cLa Leyenda\u201d] Amigos de Pablo Larios vs Leyendas de la Franja | Club Puebla | Estadio Cuauht\u00e9moc Fotograf\u00edas @MaraGlez_BTR \/ @Mv_ManuelVela para @PueblaExpres www.pueblaexpres.com\" width=\"500\" height=\"281\" \/><\/a><script async src=\"\/\/embedr.flickr.com\/assets\/client-code.js\" charset=\"utf-8\"><\/script><\/p>\n<p>El equipo de Leyendas del Puebla, se conform\u00f3 por los siguientes jugadores: Rub\u00ed Valencia, Arturo Orozco, Roberto Ruiz Esparza, Edgardo Fuentes, Gerardo Gonz\u00e1lez, Marcelino Bernal, Daniel Bartolota, Guillermo Cosi\u00f3, Francisco Rotllan, H\u00e9ctor Rosete, Juan Alvarado, Ernesto de la Rosa, Luis Enrique Fern\u00e1ndez, Arturo Ca\u00f1as, Aurelio Rivera, Oscar Olvera, Carlos Aburto, Paco Ram\u00edrez, siendo dirigidos por Manuel Lapuente como auxiliar Jos\u00e9 Manuel de la Torre y como preparador f\u00edsico Axel Bierbaun.<!--more--><\/p>\n<p><a title=\"IMGL0307 [Partido Homenaje Pablo Larios \u201cLa Leyenda\u201d] Amigos de Pablo Larios vs Leyendas de la Franja | Club Puebla | Estadio Cuauht\u00e9moc Fotograf\u00edas @MaraGlez_BTR \/ @Mv_ManuelVela para @PueblaExpres www.pueblaexpres.com\" href=\"https:\/\/www.flickr.com\/photos\/manitas\/47990785246\/in\/album-72157708898656667\/\" data-flickr-embed=\"true\"><img loading=\"lazy\" decoding=\"async\" class=\"aligncenter\" src=\"https:\/\/live.staticflickr.com\/65535\/47990785246_aba5abf213.jpg\" alt=\"IMGL0307 [Partido Homenaje Pablo Larios \u201cLa Leyenda\u201d] Amigos de Pablo Larios vs Leyendas de la Franja | Club Puebla | Estadio Cuauht\u00e9moc Fotograf\u00edas @MaraGlez_BTR \/ @Mv_ManuelVela para @PueblaExpres www.pueblaexpres.com\" width=\"500\" height=\"334\" \/><\/a><script async src=\"\/\/embedr.flickr.com\/assets\/client-code.js\" charset=\"utf-8\"><\/script><\/p>\n<p>Entre los personajes del equipo Amigos de Pablo Larios, observamos a: Federico Valerio, Gerardo Coria, F\u00e9lix Cruz, Rodolfo S\u00e1nchez, Fernando Coria, Alex Aguinaga, Porfirio Jim\u00e9nez, Rodrigo Ruiz, \u00c1ngel Sosa, German Tello, Vicente Campos, Luis Ch\u00edo, Enrique Gonz\u00e1lez, Oliverio Herrera, Ali Fern\u00e1ndez, Fernando Mart\u00ednez, dirigidos por Jos\u00e9 Luis S\u00e1nchez Sola y como preparador f\u00edsico Gustavo Leambruno.<\/p>\n<p><a title=\"IMGL0270 [Partido Homenaje Pablo Larios \u201cLa Leyenda\u201d] Amigos de Pablo Larios vs Leyendas de la Franja | Club Puebla | Estadio Cuauht\u00e9moc Fotograf\u00edas @MaraGlez_BTR \/ @Mv_ManuelVela para @PueblaExpres www.pueblaexpres.com\" href=\"https:\/\/www.flickr.com\/photos\/manitas\/47990734182\/in\/album-72157708898656667\/\" data-flickr-embed=\"true\"><img loading=\"lazy\" decoding=\"async\" class=\"aligncenter\" src=\"https:\/\/live.staticflickr.com\/65535\/47990734182_1ae95d09f0.jpg\" alt=\"IMGL0270 [Partido Homenaje Pablo Larios \u201cLa Leyenda\u201d] Amigos de Pablo Larios vs Leyendas de la Franja | Club Puebla | Estadio Cuauht\u00e9moc Fotograf\u00edas @MaraGlez_BTR \/ @Mv_ManuelVela para @PueblaExpres www.pueblaexpres.com\" width=\"500\" height=\"333\" \/><\/a><script async src=\"\/\/embedr.flickr.com\/assets\/client-code.js\" charset=\"utf-8\"><\/script><\/p>\n<p>Cabe mencionar que en la pausa del medio tiempo, entregaron una placa conmemorativa a la memoria de Ignacio S\u00e1nchez Carbajal, ex-portero del Club Puebla que perdi\u00f3\u0301 la vida el 30 Marzo a los 74 a\u00f1os de edad.<\/p>\n<p><a title=\"_MVF0462 [Partido Homenaje Pablo Larios \u201cLa Leyenda\u201d] Amigos de Pablo Larios vs Leyendas de la Franja | Club Puebla | Estadio Cuauht\u00e9moc Fotograf\u00edas @MaraGlez_BTR \/ @Mv_ManuelVela para @PueblaExpres www.pueblaexpres.com\" href=\"https:\/\/www.flickr.com\/photos\/manitas\/47990786016\/in\/album-72157708898656667\/\" data-flickr-embed=\"true\"><img loading=\"lazy\" decoding=\"async\" class=\"aligncenter\" src=\"https:\/\/live.staticflickr.com\/65535\/47990786016_b044af2811.jpg\" alt=\"_MVF0462 [Partido Homenaje Pablo Larios \u201cLa Leyenda\u201d] Amigos de Pablo Larios vs Leyendas de la Franja | Club Puebla | Estadio Cuauht\u00e9moc Fotograf\u00edas @MaraGlez_BTR \/ @Mv_ManuelVela para @PueblaExpres www.pueblaexpres.com\" width=\"500\" height=\"334\" \/><\/a><script async src=\"\/\/embedr.flickr.com\/assets\/client-code.js\" charset=\"utf-8\"><\/script><\/p>\n<p><strong>LA OPINI\u00d3N EXPRESADA EN ESTA COLUMNA ES RESPONSABILIDAD DE QUIEN LA ESCRIBE Y NO BUSCA GENERAR CONFLICTOS ENTRE LOS INVOLUCRADOS, SINO GENERAR CONCIENCIA EN CADA LECTOR.<\/strong><\/p>\n<p>[miniflickr photoset_id=72157708898656667&amp;sortby=date-posted-asc&amp;per_page=51]<\/p>\n","protected":false},"excerpt":{"rendered":"<p>Redacci\u00f3n | Fotograf\u00edas Mara Gonz\u00e1lez @MaraGlez_BTR \/ Lyz Vega @lyz_vega \/ Manuel Vela @Mv_ManuelVela #PueblaExpres @PueblaExpres Partido Homenaje a Pablo Larios Lo que le dio a la Franja y al pa\u00eds es inolvidable, es por eso que, el Club Puebla decidi\u00f3 realizar un partido de homenaje a beneficio de Pablo Larios. El encuentro se realiz\u00f3 [&hellip;]<\/p>\n","protected":false},"author":2,"featured_media":10421,"comment_status":"open","ping_status":"open","sticky":false,"template":"","format":"standard","meta":{"footnotes":""},"categories":[8,42,166,79,36,13,3,171,1,7],"tags":[],"_links":{"self":[{"href":"https:\/\/pueblaexpres.com\/portal\/index.php?rest_route=\/wp\/v2\/posts\/10420"}],"collection":[{"href":"https:\/\/pueblaexpres.com\/portal\/index.php?rest_route=\/wp\/v2\/posts"}],"about":[{"href":"https:\/\/pueblaexpres.com\/portal\/index.php?rest_route=\/wp\/v2\/types\/post"}],"author":[{"embeddable":true,"href":"https:\/\/pueblaexpres.com\/portal\/index.php?rest_route=\/wp\/v2\/users\/2"}],"replies":[{"embeddable":true,"href":"https:\/\/pueblaexpres.com\/portal\/index.php?rest_route=%2Fwp%2Fv2%2Fcomments&post=10420"}],"version-history":[{"count":1,"href":"https:\/\/pueblaexpres.com\/portal\/index.php?rest_route=\/wp\/v2\/posts\/10420\/revisions"}],"predecessor-version":[{"id":10422,"href":"https:\/\/pueblaexpres.com\/portal\/index.php?rest_route=\/wp\/v2\/posts\/10420\/revisions\/10422"}],"wp:featuredmedia":[{"embeddable":true,"href":"https:\/\/pueblaexpres.com\/portal\/index.php?rest_route=\/wp\/v2\/media\/10421"}],"wp:attachment":[{"href":"https:\/\/pueblaexpres.com\/portal\/index.php?rest_route=%2Fwp%2Fv2%2Fmedia&parent=10420"}],"wp:term":[{"taxonomy":"category","embeddable":true,"href":"https:\/\/pueblaexpres.com\/portal\/index.php?rest_route=%2Fwp%2Fv2%2Fcategories&post=10420"},{"taxonomy":"post_tag","embeddable":true,"href":"https:\/\/pueblaexpres.com\/portal\/index.php?rest_route=%2Fwp%2Fv2%2Ftags&post=10420"}],"curies":[{"name":"wp","href":"https:\/\/api.w.org\/{rel}","templated":true}]}}