{"id":1040,"date":"2011-11-24T17:10:49","date_gmt":"2011-11-24T23:10:49","guid":{"rendered":"https:\/\/pueblaexpres.com\/portal\/?p=1040"},"modified":"2011-11-24T17:10:49","modified_gmt":"2011-11-24T23:10:49","slug":"el-puebla-fc-entreno-en-la-unidad-deportiva-de-la-vw","status":"publish","type":"post","link":"https:\/\/pueblaexpres.com\/portal\/?p=1040","title":{"rendered":"El Puebla FC entreno en la Unidad Deportiva de la VW"},"content":{"rendered":"<div name=\"googleone_share_1\" style=\"position:relative;z-index:5;float: right; margin-left: 10px;\"><g:plusone size=\"tall\" count=\"1\" href=\"https:\/\/pueblaexpres.com\/portal\/?p=1040\"><\/g:plusone><\/div><p><a title=\"DSC_0018 El Puebla FC entreno en la Unidad Deportiva de la VW por Mv Fotograf\u00eda Profesional \/ www.pueblaexpres.com  by Manuel Vela - MV Fotograf\u00eda Profesional, on Flickr\" href=\"http:\/\/www.flickr.com\/photos\/manitas\/6396918101\/\"><img loading=\"lazy\" decoding=\"async\" class=\"alignleft\" style=\"margin-left: 5px; margin-right: 5px;\" src=\"http:\/\/farm8.staticflickr.com\/7150\/6396918101_eaa3e0c6c8_m.jpg\" alt=\"DSC_0018 El Puebla FC entreno en la Unidad Deportiva de la VW por Mv Fotograf\u00eda Profesional \/ www.pueblaexpres.com \" width=\"240\" height=\"160\" \/><\/a> Puebla., Puebla a 24 de Noviembre 2011<\/p>\n<p>Ayer por la noche el flamante t\u00e9cnico camotero recibi\u00f3 un merecido y emotivo homenaje de despedida, el cual fue organizado por el Once Caldas (club de f\u00fatbol de Colombia, que tiene su sede en la ciudad de Manizales, departamento de Caldas) y sus hinchas al t\u00e9cnico, Juan Carlos Osorio, al cerrar su campa\u00f1a en Manizales con una victoria 2 &#8211; 0 sobre el l\u00edder Itagu\u00ed, con anotaciones de Mario Gonz\u00e1lez y J\u00e9fferson Cuero<br \/>\nEn el previo, la Corporaci\u00f3n le rindi\u00f3 un homenaje de despedida al profesor Juan Carlos Osorio, quien ingres\u00f3 al campo en compa\u00f1\u00eda de sus padres, esposa e hijos. El presidente de la Junta Directiva, Jos\u00e9 Manuel L\u00f3pez, le entreg\u00f3 la bandera del equipo, y el gerente, Duv\u00e1n V\u00e1squez, le impuso la camiseta. Los hinchas le dedicaron c\u00e1nticos de agradecimiento y se proyect\u00f3 un video en las pantallas gigantes, con los mejores momentos del entrenador en Manizales y con mensajes de jugadores, dirigentes, hinchas y familiares.<br \/>\nUn adi\u00f3s al entrenador, por lo alto, con todos los honores, en su \u00faltimo partido en Manizales.<\/p>\n<p>Mientras tanto en la Angelopolis, el Puebla de la Franja se prepara a \u201ctambor batiente\u201d, en esta ocasi\u00f3n utilizaron las instalaciones de la Unidad Deportiva de la VW, importante recalcar que es la primera vez que son utilizadas (las instalaciones) en la era de los auxiliares Pompilio P\u00e1ez y Joel S\u00e1nchez.<br \/>\nLas usencias siguen siendo las mismas el norteamericano Damarcus Beasley y el colombiano Duvier Riascos.<br \/>\nLos jugadores que trabajan por separado son Gonzalo Pineda, Gabriel Pereyra y Diego Cervantes, los dem\u00e1s integrantes de la platilla trabajan de manera regular.<br \/>\n[miniflickr photoset_id=72157628135695867&amp;sortby=date-posted-asc&amp;per_page=20]<\/p>\n<p><a href=\"http:\/\/www.flickr.com\/photos\/manitas\/sets\/72157628135695867\/\" target=\"_blank\"><strong>El Puebla FC entreno en la Unidad Deportiva de la VW<\/strong><\/a><\/p>\n<p>&#8211;<\/p>\n","protected":false},"excerpt":{"rendered":"<p>Puebla., Puebla a 24 de Noviembre 2011 Ayer por la noche el flamante t\u00e9cnico camotero recibi\u00f3 un merecido y emotivo homenaje de despedida, el cual fue organizado por el Once Caldas (club de f\u00fatbol de Colombia, que tiene su sede en la ciudad de Manizales, departamento de Caldas) y sus hinchas al t\u00e9cnico, Juan Carlos [&hellip;]<\/p>\n","protected":false},"author":1,"featured_media":0,"comment_status":"open","ping_status":"open","sticky":false,"template":"","format":"standard","meta":{"footnotes":""},"categories":[79],"tags":[],"_links":{"self":[{"href":"https:\/\/pueblaexpres.com\/portal\/index.php?rest_route=\/wp\/v2\/posts\/1040"}],"collection":[{"href":"https:\/\/pueblaexpres.com\/portal\/index.php?rest_route=\/wp\/v2\/posts"}],"about":[{"href":"https:\/\/pueblaexpres.com\/portal\/index.php?rest_route=\/wp\/v2\/types\/post"}],"author":[{"embeddable":true,"href":"https:\/\/pueblaexpres.com\/portal\/index.php?rest_route=\/wp\/v2\/users\/1"}],"replies":[{"embeddable":true,"href":"https:\/\/pueblaexpres.com\/portal\/index.php?rest_route=%2Fwp%2Fv2%2Fcomments&post=1040"}],"version-history":[{"count":2,"href":"https:\/\/pueblaexpres.com\/portal\/index.php?rest_route=\/wp\/v2\/posts\/1040\/revisions"}],"predecessor-version":[{"id":1042,"href":"https:\/\/pueblaexpres.com\/portal\/index.php?rest_route=\/wp\/v2\/posts\/1040\/revisions\/1042"}],"wp:attachment":[{"href":"https:\/\/pueblaexpres.com\/portal\/index.php?rest_route=%2Fwp%2Fv2%2Fmedia&parent=1040"}],"wp:term":[{"taxonomy":"category","embeddable":true,"href":"https:\/\/pueblaexpres.com\/portal\/index.php?rest_route=%2Fwp%2Fv2%2Fcategories&post=1040"},{"taxonomy":"post_tag","embeddable":true,"href":"https:\/\/pueblaexpres.com\/portal\/index.php?rest_route=%2Fwp%2Fv2%2Ftags&post=1040"}],"curies":[{"name":"wp","href":"https:\/\/api.w.org\/{rel}","templated":true}]}}