{"id":10338,"date":"2019-04-28T22:56:33","date_gmt":"2019-04-29T04:56:33","guid":{"rendered":"https:\/\/pueblaexpres.com\/portal\/?p=10338"},"modified":"2019-04-28T22:56:33","modified_gmt":"2019-04-29T04:56:33","slug":"tc2019-sub17-j16-liga-club-lobos-buap-vs-cruz-azul-cefor-buap-campo-1-liga-bancomer-mx","status":"publish","type":"post","link":"https:\/\/pueblaexpres.com\/portal\/?p=10338","title":{"rendered":"[TC2019 \/ SUB17 \/ J16 LIGA] Club Lobos BUAP vs Cruz Azul | CEFOR BUAP campo 1 | Liga Bancomer Mx"},"content":{"rendered":"<div name=\"googleone_share_1\" style=\"position:relative;z-index:5;float: right; margin-left: 10px;\"><g:plusone size=\"tall\" count=\"1\" href=\"https:\/\/pueblaexpres.com\/portal\/?p=10338\"><\/g:plusone><\/div><p><a href=\"https:\/\/pueblaexpres.com\/portal\/wp-content\/uploads\/2019\/04\/IMG_0320.jpg\"><img loading=\"lazy\" decoding=\"async\" class=\"wp-image-10339 aligncenter\" src=\"https:\/\/pueblaexpres.com\/portal\/wp-content\/uploads\/2019\/04\/IMG_0320.jpg\" alt=\"\" width=\"501\" height=\"334\" srcset=\"https:\/\/pueblaexpres.com\/portal\/wp-content\/uploads\/2019\/04\/IMG_0320.jpg 800w, https:\/\/pueblaexpres.com\/portal\/wp-content\/uploads\/2019\/04\/IMG_0320-300x200.jpg 300w, https:\/\/pueblaexpres.com\/portal\/wp-content\/uploads\/2019\/04\/IMG_0320-768x512.jpg 768w, https:\/\/pueblaexpres.com\/portal\/wp-content\/uploads\/2019\/04\/IMG_0320-640x426.jpg 640w\" sizes=\"(max-width: 501px) 100vw, 501px\" \/><\/a><\/p>\n<p><strong>Redacci\u00f3n | Fotograf\u00edas Mara Gonz\u00e1lez @MaraGlez_BTR \/ Lyz Vega @lyz_vega \/ V\u00edctor Duran @victorduan94 \/Sa\u00fal S\u00e1nchez \/ Manuel Vela @Mv_ManuelVela #PueblaExpres @PueblaExpres<\/strong><\/p>\n<p>En el marco de la jornada 16 del Clausura 2019 del Torneo de Fuerzas B\u00e1sicas Sub 17 de la LIGA Bancomer MX<\/p>\n<p><a title=\"IMG_0261 TC2019 \/ SUB17 \/ J16 LIGA | Club Lobos BUAP vs Cruz Azul | CEFOR BUAP campo 1 | Fotograf\u00edas Mara Gonz\u00e1lez \/ Manuel Vela para Mv Fotograf\u00eda Profesional \/ Edici\u00f3n y retoque www.pueblaexpres.com\" href=\"https:\/\/www.flickr.com\/photos\/manitas\/47676366702\/in\/album-72157704836960072\/\" data-flickr-embed=\"true\"><img loading=\"lazy\" decoding=\"async\" class=\"aligncenter\" src=\"https:\/\/live.staticflickr.com\/65535\/47676366702_f85515d998.jpg\" alt=\"IMG_0261 TC2019 \/ SUB17 \/ J16 LIGA | Club Lobos BUAP vs Cruz Azul | CEFOR BUAP campo 1 | Fotograf\u00edas Mara Gonz\u00e1lez \/ Manuel Vela para Mv Fotograf\u00eda Profesional \/ Edici\u00f3n y retoque www.pueblaexpres.com\" width=\"500\" height=\"333\" \/><\/a><script async src=\"\/\/embedr.flickr.com\/assets\/client-code.js\" charset=\"utf-8\"><\/script><\/p>\n<p>Partido celebrado en la grama del CEFOR BUAP en la Ciudad de Puebla.<\/p>\n<p>El partido<\/p>\n<p><a title=\"IMG_0466 TC2019 \/ SUB17 \/ J16 LIGA | Club Lobos BUAP vs Cruz Azul | CEFOR BUAP campo 1 | Fotograf\u00edas Mara Gonz\u00e1lez \/ Manuel Vela para Mv Fotograf\u00eda Profesional \/ Edici\u00f3n y retoque www.pueblaexpres.com\" href=\"https:\/\/www.flickr.com\/photos\/manitas\/47729539601\/in\/album-72157704836960072\/\" data-flickr-embed=\"true\"><img loading=\"lazy\" decoding=\"async\" class=\"aligncenter\" src=\"https:\/\/live.staticflickr.com\/65535\/47729539601_b6574aef48.jpg\" alt=\"IMG_0466 TC2019 \/ SUB17 \/ J16 LIGA | Club Lobos BUAP vs Cruz Azul | CEFOR BUAP campo 1 | Fotograf\u00edas Mara Gonz\u00e1lez \/ Manuel Vela para Mv Fotograf\u00eda Profesional \/ Edici\u00f3n y retoque www.pueblaexpres.com\" width=\"500\" height=\"334\" \/><\/a><script async src=\"\/\/embedr.flickr.com\/assets\/client-code.js\" charset=\"utf-8\"><\/script><\/p>\n<p>El Club Lobos BUAP cay\u00f3 derrotado por marcador de dos goles por cero ante Cruz Azul.<\/p>\n<p>Minuto 44\u00b4 Miguel Sese\u00f1a casaca #345 y Rodrigo Huescas minuto 52\u00b4 casaca #348 anotaron para la escuadra visitante.<!--more--><\/p>\n<p><a title=\"IMG_0436 TC2019 \/ SUB17 \/ J16 LIGA | Club Lobos BUAP vs Cruz Azul | CEFOR BUAP campo 1 | Fotograf\u00edas Mara Gonz\u00e1lez \/ Manuel Vela para Mv Fotograf\u00eda Profesional \/ Edici\u00f3n y retoque www.pueblaexpres.com\" href=\"https:\/\/www.flickr.com\/photos\/manitas\/47729539641\/in\/album-72157704836960072\/\" data-flickr-embed=\"true\"><img loading=\"lazy\" decoding=\"async\" class=\"aligncenter\" src=\"https:\/\/live.staticflickr.com\/65535\/47729539641_ba70f4e32a.jpg\" alt=\"IMG_0436 TC2019 \/ SUB17 \/ J16 LIGA | Club Lobos BUAP vs Cruz Azul | CEFOR BUAP campo 1 | Fotograf\u00edas Mara Gonz\u00e1lez \/ Manuel Vela para Mv Fotograf\u00eda Profesional \/ Edici\u00f3n y retoque www.pueblaexpres.com\" width=\"500\" height=\"333\" \/><\/a><script async src=\"\/\/embedr.flickr.com\/assets\/client-code.js\" charset=\"utf-8\"><\/script><\/p>\n<p>Con este resultado, los Lic\u00e1ntropos llegaron a 24 unidades mientras que Cruz Azul se qued\u00f3 con 12 puntos en el \u00faltimo pelda\u00f1o.<\/p>\n<p>En la Fecha 17, los poblanos (Club Lobos BUAP) visitar\u00e1n al Deportivo Toluca, por su parte Cruz Azul recibir\u00e1n a Monarcas Morelia.<\/p>\n<p><a title=\"IMG_0488 TC2019 \/ SUB17 \/ J16 LIGA | Club Lobos BUAP vs Cruz Azul | CEFOR BUAP campo 1 | Fotograf\u00edas Mara Gonz\u00e1lez \/ Manuel Vela para Mv Fotograf\u00eda Profesional \/ Edici\u00f3n y retoque www.pueblaexpres.com\" href=\"https:\/\/www.flickr.com\/photos\/manitas\/47729539461\/in\/album-72157704836960072\/\" data-flickr-embed=\"true\"><img loading=\"lazy\" decoding=\"async\" class=\"aligncenter\" src=\"https:\/\/live.staticflickr.com\/65535\/47729539461_af4919426b.jpg\" alt=\"IMG_0488 TC2019 \/ SUB17 \/ J16 LIGA | Club Lobos BUAP vs Cruz Azul | CEFOR BUAP campo 1 | Fotograf\u00edas Mara Gonz\u00e1lez \/ Manuel Vela para Mv Fotograf\u00eda Profesional \/ Edici\u00f3n y retoque www.pueblaexpres.com\" width=\"500\" height=\"333\" \/><\/a><script async src=\"\/\/embedr.flickr.com\/assets\/client-code.js\" charset=\"utf-8\"><\/script><\/p>\n<p><strong>LA OPINI\u00d3N EXPRESADA EN ESTA COLUMNA ES RESPONSABILIDAD DE QUIEN LA ESCRIBE Y NO BUSCA GENERAR CONFLICTOS ENTRE LOS INVOLUCRADOS, SINO GENERAR CONCIENCIA EN CADA LECTOR.<\/strong><\/p>\n<p>[miniflickr photoset_id=72157704836960072&amp;sortby=date-posted-asc&amp;per_page=27]<\/p>\n","protected":false},"excerpt":{"rendered":"<p>Redacci\u00f3n | Fotograf\u00edas Mara Gonz\u00e1lez @MaraGlez_BTR \/ Lyz Vega @lyz_vega \/ V\u00edctor Duran @victorduan94 \/Sa\u00fal S\u00e1nchez \/ Manuel Vela @Mv_ManuelVela #PueblaExpres @PueblaExpres En el marco de la jornada 16 del Clausura 2019 del Torneo de Fuerzas B\u00e1sicas Sub 17 de la LIGA Bancomer MX Partido celebrado en la grama del CEFOR BUAP en la Ciudad [&hellip;]<\/p>\n","protected":false},"author":2,"featured_media":10339,"comment_status":"open","ping_status":"open","sticky":false,"template":"","format":"standard","meta":{"footnotes":""},"categories":[8,42,166,79,13,3,171,1,7],"tags":[],"_links":{"self":[{"href":"https:\/\/pueblaexpres.com\/portal\/index.php?rest_route=\/wp\/v2\/posts\/10338"}],"collection":[{"href":"https:\/\/pueblaexpres.com\/portal\/index.php?rest_route=\/wp\/v2\/posts"}],"about":[{"href":"https:\/\/pueblaexpres.com\/portal\/index.php?rest_route=\/wp\/v2\/types\/post"}],"author":[{"embeddable":true,"href":"https:\/\/pueblaexpres.com\/portal\/index.php?rest_route=\/wp\/v2\/users\/2"}],"replies":[{"embeddable":true,"href":"https:\/\/pueblaexpres.com\/portal\/index.php?rest_route=%2Fwp%2Fv2%2Fcomments&post=10338"}],"version-history":[{"count":1,"href":"https:\/\/pueblaexpres.com\/portal\/index.php?rest_route=\/wp\/v2\/posts\/10338\/revisions"}],"predecessor-version":[{"id":10340,"href":"https:\/\/pueblaexpres.com\/portal\/index.php?rest_route=\/wp\/v2\/posts\/10338\/revisions\/10340"}],"wp:featuredmedia":[{"embeddable":true,"href":"https:\/\/pueblaexpres.com\/portal\/index.php?rest_route=\/wp\/v2\/media\/10339"}],"wp:attachment":[{"href":"https:\/\/pueblaexpres.com\/portal\/index.php?rest_route=%2Fwp%2Fv2%2Fmedia&parent=10338"}],"wp:term":[{"taxonomy":"category","embeddable":true,"href":"https:\/\/pueblaexpres.com\/portal\/index.php?rest_route=%2Fwp%2Fv2%2Fcategories&post=10338"},{"taxonomy":"post_tag","embeddable":true,"href":"https:\/\/pueblaexpres.com\/portal\/index.php?rest_route=%2Fwp%2Fv2%2Ftags&post=10338"}],"curies":[{"name":"wp","href":"https:\/\/api.w.org\/{rel}","templated":true}]}}