{"id":10332,"date":"2019-04-28T21:32:39","date_gmt":"2019-04-29T03:32:39","guid":{"rendered":"https:\/\/pueblaexpres.com\/portal\/?p=10332"},"modified":"2019-04-28T21:32:39","modified_gmt":"2019-04-29T03:32:39","slug":"espectaculos-esplendorosa-presentacion-carlos-rivera-palenque-la-feria-de-puebla-2019-centro-expositor-en-los-fuertes-de-loreto-y-guadalupe","status":"publish","type":"post","link":"https:\/\/pueblaexpres.com\/portal\/?p=10332","title":{"rendered":"[Espect\u00e1culos ESPLENDOROSA PRESENTACI\u00d3N Carlos Rivera | PALENQUE | La Feria de Puebla 2019 | Centro Expositor en Los Fuertes de Loreto y Guadalupe"},"content":{"rendered":"<div name=\"googleone_share_1\" style=\"position:relative;z-index:5;float: right; margin-left: 10px;\"><g:plusone size=\"tall\" count=\"1\" href=\"https:\/\/pueblaexpres.com\/portal\/?p=10332\"><\/g:plusone><\/div><p><a href=\"https:\/\/pueblaexpres.com\/portal\/wp-content\/uploads\/2019\/04\/MVF_0721.jpg\"><img loading=\"lazy\" decoding=\"async\" class=\"wp-image-10333 aligncenter\" src=\"https:\/\/pueblaexpres.com\/portal\/wp-content\/uploads\/2019\/04\/MVF_0721.jpg\" alt=\"\" width=\"501\" height=\"334\" srcset=\"https:\/\/pueblaexpres.com\/portal\/wp-content\/uploads\/2019\/04\/MVF_0721.jpg 800w, https:\/\/pueblaexpres.com\/portal\/wp-content\/uploads\/2019\/04\/MVF_0721-300x200.jpg 300w, https:\/\/pueblaexpres.com\/portal\/wp-content\/uploads\/2019\/04\/MVF_0721-768x512.jpg 768w, https:\/\/pueblaexpres.com\/portal\/wp-content\/uploads\/2019\/04\/MVF_0721-640x426.jpg 640w\" sizes=\"(max-width: 501px) 100vw, 501px\" \/><\/a><\/p>\n<p><strong>Redacci\u00f3n | Fotograf\u00edas Mara Gonz\u00e1lez @MaraGlez_BTR \/ Manuel Vela @Mv_ManuelVela #PueblaExpres @PueblaExpres<\/strong><\/p>\n<p>ESPLENDOROSA PRESENTACI\u00d3N CARLOS RIVERAEN EL PALENQUE DE PUEBLA 2019<\/p>\n<p><a title=\"DSC_0114 Espect\u00e1culos] ESPLENDOROSA PRESENTACI\u00d3N Carlos Rivera | PALENQUE | La Feria de Puebla 2019 | Centro Expositor en Los Fuertes de Loreto y Guadalupe | Fotograf\u00edas @MaraGlez_BTR para Mv Fotograf\u00eda Profesional \/ Edici\u00f3n y retoque www.pueblaexpres.com\" href=\"https:\/\/www.flickr.com\/photos\/manitas\/32785508407\/in\/album-72157677982005157\/\" data-flickr-embed=\"true\"><img loading=\"lazy\" decoding=\"async\" class=\"aligncenter\" src=\"https:\/\/live.staticflickr.com\/65535\/32785508407_ece7000e95.jpg\" alt=\"DSC_0114 Espect\u00e1culos] ESPLENDOROSA PRESENTACI\u00d3N Carlos Rivera | PALENQUE | La Feria de Puebla 2019 | Centro Expositor en Los Fuertes de Loreto y Guadalupe | Fotograf\u00edas @MaraGlez_BTR para Mv Fotograf\u00eda Profesional \/ Edici\u00f3n y retoque www.pueblaexpres.com\" width=\"500\" height=\"333\" \/><\/a><script async src=\"\/\/embedr.flickr.com\/assets\/client-code.js\" charset=\"utf-8\"><\/script><\/p>\n<p>La noche del 27 de abril en el Centro Expositor se present\u00f3 Carlos Rivera como parte de su \u201cGuerra Tour\u201d haciendo vibrar el Palenque de la Feria de Puebla 2019.<\/p>\n<p>Desde que sali\u00f3 al escenario deleit\u00f3 con su m\u00fasica a todos los poblanos y al p\u00fablico que acudi\u00f3 de diversas partes de la rep\u00fablica y que por el periodo vacacional se encontraban en la entidad mismos que siguen su carrera.<\/p>\n<p><a title=\"MVF_0032 Espect\u00e1culos] ESPLENDOROSA PRESENTACI\u00d3N Carlos Rivera | PALENQUE | La Feria de Puebla 2019 | Centro Expositor en Los Fuertes de Loreto y Guadalupe | Fotograf\u00edas @MaraGlez_BTR para Mv Fotograf\u00eda Profesional \/ Edici\u00f3n y retoque www.pueblaexpres.com\" href=\"https:\/\/www.flickr.com\/photos\/manitas\/47728957981\/in\/album-72157677982005157\/\" data-flickr-embed=\"true\"><img loading=\"lazy\" decoding=\"async\" class=\"aligncenter\" src=\"https:\/\/live.staticflickr.com\/65535\/47728957981_9723ee8a26.jpg\" alt=\"MVF_0032 Espect\u00e1culos] ESPLENDOROSA PRESENTACI\u00d3N Carlos Rivera | PALENQUE | La Feria de Puebla 2019 | Centro Expositor en Los Fuertes de Loreto y Guadalupe | Fotograf\u00edas @MaraGlez_BTR para Mv Fotograf\u00eda Profesional \/ Edici\u00f3n y retoque www.pueblaexpres.com\" width=\"500\" height=\"333\" \/><\/a><script async src=\"\/\/embedr.flickr.com\/assets\/client-code.js\" charset=\"utf-8\"><\/script><\/p>\n<p>El int\u00e9rprete, expres\u00f3 que est\u00e1 feliz de regresar a tierras poblanas para conquistar nuevamente el coraz\u00f3n de todos sus seguidores alegres y emocionados.<\/p>\n<p>Con la radiante sonrisa que lo caracteriza comenz\u00f3 la rom\u00e1ntica velada con temas como; \u201cSolo t\u00fa\u201d y \u201cVoy a amarte\u201d.<!--more--><\/p>\n<p><a title=\"MVF_0604 Espect\u00e1culos] ESPLENDOROSA PRESENTACI\u00d3N Carlos Rivera | PALENQUE | La Feria de Puebla 2019 | Centro Expositor en Los Fuertes de Loreto y Guadalupe | Fotograf\u00edas @MaraGlez_BTR para Mv Fotograf\u00eda Profesional \/ Edici\u00f3n y retoque www.pueblaexpres.com\" href=\"https:\/\/www.flickr.com\/photos\/manitas\/47728957661\/in\/album-72157677982005157\/\" data-flickr-embed=\"true\"><img loading=\"lazy\" decoding=\"async\" class=\"aligncenter\" src=\"https:\/\/live.staticflickr.com\/65535\/47728957661_f9b025dc27.jpg\" alt=\"MVF_0604 Espect\u00e1culos] ESPLENDOROSA PRESENTACI\u00d3N Carlos Rivera | PALENQUE | La Feria de Puebla 2019 | Centro Expositor en Los Fuertes de Loreto y Guadalupe | Fotograf\u00edas @MaraGlez_BTR para Mv Fotograf\u00eda Profesional \/ Edici\u00f3n y retoque www.pueblaexpres.com\" width=\"500\" height=\"333\" \/><\/a><script async src=\"\/\/embedr.flickr.com\/assets\/client-code.js\" charset=\"utf-8\"><\/script><\/p>\n<p>Canciones como \u201c\u00bfC\u00f3mo pagarte?\u201d, \u201cTe esperaba\u201d y \u201cMe muero\u201d estuvieron contempladas en el repertorio, el cual fue coreado con gran sentimiento por parte de sus seguidores.<\/p>\n<p>Estuvo presente el romanticismo y el ambiente de fiesta incremento con las melod\u00edas de \u201cNo eras para m\u00ed\u201d, \u201cQue lo nuestro se quede nuestro\u201d, entre muchas m\u00e1s.<\/p>\n<p><a title=\"MVF_0638 Espect\u00e1culos] ESPLENDOROSA PRESENTACI\u00d3N Carlos Rivera | PALENQUE | La Feria de Puebla 2019 | Centro Expositor en Los Fuertes de Loreto y Guadalupe | Fotograf\u00edas @MaraGlez_BTR para Mv Fotograf\u00eda Profesional \/ Edici\u00f3n y retoque www.pueblaexpres.com\" href=\"https:\/\/www.flickr.com\/photos\/manitas\/47728957271\/in\/album-72157677982005157\/\" data-flickr-embed=\"true\"><img loading=\"lazy\" decoding=\"async\" class=\"aligncenter\" src=\"https:\/\/live.staticflickr.com\/65535\/47728957271_7db7988455.jpg\" alt=\"MVF_0638 Espect\u00e1culos] ESPLENDOROSA PRESENTACI\u00d3N Carlos Rivera | PALENQUE | La Feria de Puebla 2019 | Centro Expositor en Los Fuertes de Loreto y Guadalupe | Fotograf\u00edas @MaraGlez_BTR para Mv Fotograf\u00eda Profesional \/ Edici\u00f3n y retoque www.pueblaexpres.com\" width=\"500\" height=\"333\" \/><\/a><script async src=\"\/\/embedr.flickr.com\/assets\/client-code.js\" charset=\"utf-8\"><\/script><\/p>\n<p>Durante la noche miles de almas corearon sus m\u00e1s grandes \u00e9xitos<\/p>\n<p>Tambi\u00e9n, invit\u00f3 a una asistente a cantar junto a \u00e9l, y todos los presentes corearon junto al cantante con sus m\u00e1s recientes canciones de su disco \u201cGuerra\u201d.<\/p>\n<p><a title=\"MVF_0095 Espect\u00e1culos] ESPLENDOROSA PRESENTACI\u00d3N Carlos Rivera | PALENQUE | La Feria de Puebla 2019 | Centro Expositor en Los Fuertes de Loreto y Guadalupe | Fotograf\u00edas @MaraGlez_BTR para Mv Fotograf\u00eda Profesional \/ Edici\u00f3n y retoque www.pueblaexpres.com\" href=\"https:\/\/www.flickr.com\/photos\/manitas\/32785508117\/in\/album-72157677982005157\/\" data-flickr-embed=\"true\"><img loading=\"lazy\" decoding=\"async\" class=\"aligncenter\" src=\"https:\/\/live.staticflickr.com\/65535\/32785508117_fdf0a5723d.jpg\" alt=\"MVF_0095 Espect\u00e1culos] ESPLENDOROSA PRESENTACI\u00d3N Carlos Rivera | PALENQUE | La Feria de Puebla 2019 | Centro Expositor en Los Fuertes de Loreto y Guadalupe | Fotograf\u00edas @MaraGlez_BTR para Mv Fotograf\u00eda Profesional \/ Edici\u00f3n y retoque www.pueblaexpres.com\" width=\"500\" height=\"333\" \/><\/a><script async src=\"\/\/embedr.flickr.com\/assets\/client-code.js\" charset=\"utf-8\"><\/script><\/p>\n<p>Amigo lector le pedimos contin\u00fae al pendiente de nuestras redes sociales y nuestro portal en la secci\u00f3n ESPECT\u00c1CULOS, ya que en el encontrar\u00e1 los mejores eventos\u2026<\/p>\n<p><strong>LA OPINI\u00d3N EXPRESADA EN ESTA COLUMNA ES RESPONSABILIDAD DE QUIEN LA ESCRIBE Y NO BUSCA GENERAR CONFLICTOS ENTRE LOS INVOLUCRADOS, SINO GENERAR CONCIENCIA EN CADA LECTOR.<\/strong><\/p>\n<p>[miniflickr photoset_id=72157677982005157&amp;sortby=date-posted-asc&amp;per_page=20]<\/p>\n","protected":false},"excerpt":{"rendered":"<p>Redacci\u00f3n | Fotograf\u00edas Mara Gonz\u00e1lez @MaraGlez_BTR \/ Manuel Vela @Mv_ManuelVela #PueblaExpres @PueblaExpres ESPLENDOROSA PRESENTACI\u00d3N CARLOS RIVERAEN EL PALENQUE DE PUEBLA 2019 La noche del 27 de abril en el Centro Expositor se present\u00f3 Carlos Rivera como parte de su \u201cGuerra Tour\u201d haciendo vibrar el Palenque de la Feria de Puebla 2019. Desde que sali\u00f3 al [&hellip;]<\/p>\n","protected":false},"author":2,"featured_media":10333,"comment_status":"open","ping_status":"open","sticky":false,"template":"","format":"standard","meta":{"footnotes":""},"categories":[8,42,166,170,36,171,1,7],"tags":[],"_links":{"self":[{"href":"https:\/\/pueblaexpres.com\/portal\/index.php?rest_route=\/wp\/v2\/posts\/10332"}],"collection":[{"href":"https:\/\/pueblaexpres.com\/portal\/index.php?rest_route=\/wp\/v2\/posts"}],"about":[{"href":"https:\/\/pueblaexpres.com\/portal\/index.php?rest_route=\/wp\/v2\/types\/post"}],"author":[{"embeddable":true,"href":"https:\/\/pueblaexpres.com\/portal\/index.php?rest_route=\/wp\/v2\/users\/2"}],"replies":[{"embeddable":true,"href":"https:\/\/pueblaexpres.com\/portal\/index.php?rest_route=%2Fwp%2Fv2%2Fcomments&post=10332"}],"version-history":[{"count":1,"href":"https:\/\/pueblaexpres.com\/portal\/index.php?rest_route=\/wp\/v2\/posts\/10332\/revisions"}],"predecessor-version":[{"id":10334,"href":"https:\/\/pueblaexpres.com\/portal\/index.php?rest_route=\/wp\/v2\/posts\/10332\/revisions\/10334"}],"wp:featuredmedia":[{"embeddable":true,"href":"https:\/\/pueblaexpres.com\/portal\/index.php?rest_route=\/wp\/v2\/media\/10333"}],"wp:attachment":[{"href":"https:\/\/pueblaexpres.com\/portal\/index.php?rest_route=%2Fwp%2Fv2%2Fmedia&parent=10332"}],"wp:term":[{"taxonomy":"category","embeddable":true,"href":"https:\/\/pueblaexpres.com\/portal\/index.php?rest_route=%2Fwp%2Fv2%2Fcategories&post=10332"},{"taxonomy":"post_tag","embeddable":true,"href":"https:\/\/pueblaexpres.com\/portal\/index.php?rest_route=%2Fwp%2Fv2%2Ftags&post=10332"}],"curies":[{"name":"wp","href":"https:\/\/api.w.org\/{rel}","templated":true}]}}