{"id":10329,"date":"2019-04-28T20:43:12","date_gmt":"2019-04-29T02:43:12","guid":{"rendered":"https:\/\/pueblaexpres.com\/portal\/?p=10329"},"modified":"2019-04-28T20:43:52","modified_gmt":"2019-04-29T02:43:52","slug":"espectaculos-elefante-feria-de-puebla-2019-plaza-la-victoria-en-los-fuertes-de-loreto-y-guadalupe","status":"publish","type":"post","link":"https:\/\/pueblaexpres.com\/portal\/?p=10329","title":{"rendered":"[Espect\u00e1culos] Elefante | Feria de Puebla 2019 | Plaza La Victoria en Los Fuertes de Loreto y Guadalupe"},"content":{"rendered":"<div name=\"googleone_share_1\" style=\"position:relative;z-index:5;float: right; margin-left: 10px;\"><g:plusone size=\"tall\" count=\"1\" href=\"https:\/\/pueblaexpres.com\/portal\/?p=10329\"><\/g:plusone><\/div><p><a href=\"https:\/\/pueblaexpres.com\/portal\/wp-content\/uploads\/2019\/04\/MVF_0475.jpg\"><img loading=\"lazy\" decoding=\"async\" class=\"wp-image-10330 aligncenter\" src=\"https:\/\/pueblaexpres.com\/portal\/wp-content\/uploads\/2019\/04\/MVF_0475.jpg\" alt=\"\" width=\"498\" height=\"332\" srcset=\"https:\/\/pueblaexpres.com\/portal\/wp-content\/uploads\/2019\/04\/MVF_0475.jpg 800w, https:\/\/pueblaexpres.com\/portal\/wp-content\/uploads\/2019\/04\/MVF_0475-300x200.jpg 300w, https:\/\/pueblaexpres.com\/portal\/wp-content\/uploads\/2019\/04\/MVF_0475-768x512.jpg 768w, https:\/\/pueblaexpres.com\/portal\/wp-content\/uploads\/2019\/04\/MVF_0475-640x426.jpg 640w\" sizes=\"(max-width: 498px) 100vw, 498px\" \/><\/a><\/p>\n<p>Redacci\u00f3n | Fotograf\u00edas Mara Gonz\u00e1lez @MaraGlez_BTR \/ Manuel Vela @Mv_ManuelVela #PueblaExpres @PueblaExpres<\/p>\n<p>EL POP ROCK DE ELEFANTE RETUMBA EL FORO ART\u00cdSTICO DE LA FERIA DE PUEBLA 2019<\/p>\n<p><a title=\"DSC_0098 [Espect\u00e1culos] Elefante en el Foro Art\u00edstico | Feria de Puebla 2019 | Plaza La Victoria en Los Fuertes de Loreto y Guadalupe | Fotograf\u00edas @MaraGlez_BTR \/ Edici\u00f3n y retoque www.pueblaexpres.com\" href=\"https:\/\/www.flickr.com\/photos\/manitas\/47728606711\/in\/album-72157680138619198\/\" data-flickr-embed=\"true\"><img loading=\"lazy\" decoding=\"async\" class=\"aligncenter\" src=\"https:\/\/live.staticflickr.com\/65535\/47728606711_f45046990a.jpg\" alt=\"DSC_0098 [Espect\u00e1culos] Elefante en el Foro Art\u00edstico | Feria de Puebla 2019 | Plaza La Victoria en Los Fuertes de Loreto y Guadalupe | Fotograf\u00edas @MaraGlez_BTR \/ Edici\u00f3n y retoque www.pueblaexpres.com\" width=\"500\" height=\"333\" \/><\/a><script async src=\"\/\/embedr.flickr.com\/assets\/client-code.js\" charset=\"utf-8\"><\/script><\/p>\n<p>-Continuando con la diversidad musical de la edici\u00f3n 2019 de la Feria de Puebla, se present\u00f3 la banda \u201cElefante\u201d, la cual desde los primeros acordes maravill\u00f3 al auditorio poblano.<\/p>\n<p>-Durante su encuentro con los medios de comunicaci\u00f3n, los integrantes de la agrupaci\u00f3n indicaron que se sienten felices de estar en Puebla por quinta ocasi\u00f3n, ya que es una plaza donde las personas les han brindado gran apoyo y han sido fieles seguidores de su m\u00fasica.<\/p>\n<p><a title=\"MVF_0021 [Espect\u00e1culos] Elefante en el Foro Art\u00edstico | Feria de Puebla 2019 | Plaza La Victoria en Los Fuertes de Loreto y Guadalupe | Fotograf\u00edas @MaraGlez_BTR \/ Edici\u00f3n y retoque www.pueblaexpres.com\" href=\"https:\/\/www.flickr.com\/photos\/manitas\/32785170907\/in\/album-72157680138619198\/\" data-flickr-embed=\"true\"><img loading=\"lazy\" decoding=\"async\" class=\"aligncenter\" src=\"https:\/\/live.staticflickr.com\/65535\/32785170907_8bbeac3ccc.jpg\" alt=\"MVF_0021 [Espect\u00e1culos] Elefante en el Foro Art\u00edstico | Feria de Puebla 2019 | Plaza La Victoria en Los Fuertes de Loreto y Guadalupe | Fotograf\u00edas @MaraGlez_BTR \/ Edici\u00f3n y retoque www.pueblaexpres.com\" width=\"500\" height=\"333\" \/><\/a><script async src=\"\/\/embedr.flickr.com\/assets\/client-code.js\" charset=\"utf-8\"><\/script><\/p>\n<p>&#8211; \u201cVamos a tocar todos nuestros \u00e9xitos y en forma de agradecimiento a los poblanos interpretaremos dos nuevos sencillos que tienen poco tiempo en el mercado musical\u201d, precis\u00f3 el grupo.<\/p>\n<p>-Asimismo, informaron que se encuentran preparando el lanzamiento de un nuevo disco, el cual probablemente est\u00e9 acompa\u00f1ado de otro \u00e1lbum sinf\u00f3nico.<!--more--><\/p>\n<p><a title=\"MVF_0076 [Espect\u00e1culos] Elefante en el Foro Art\u00edstico | Feria de Puebla 2019 | Plaza La Victoria en Los Fuertes de Loreto y Guadalupe | Fotograf\u00edas @MaraGlez_BTR \/ Edici\u00f3n y retoque www.pueblaexpres.com\" href=\"https:\/\/www.flickr.com\/photos\/manitas\/46811886495\/in\/album-72157680138619198\/\" data-flickr-embed=\"true\"><img loading=\"lazy\" decoding=\"async\" class=\"aligncenter\" src=\"https:\/\/live.staticflickr.com\/65535\/46811886495_066d5ceb31.jpg\" alt=\"MVF_0076 [Espect\u00e1culos] Elefante en el Foro Art\u00edstico | Feria de Puebla 2019 | Plaza La Victoria en Los Fuertes de Loreto y Guadalupe | Fotograf\u00edas @MaraGlez_BTR \/ Edici\u00f3n y retoque www.pueblaexpres.com\" width=\"500\" height=\"281\" \/><\/a><script async src=\"\/\/embedr.flickr.com\/assets\/client-code.js\" charset=\"utf-8\"><\/script><\/p>\n<p>-Posteriormente, la cuenta regresiva en las pantallas del recinto marcaba que Elefante estaba listo para complacer a sus fan\u00e1ticos, por lo que al pisar el escenario el quinteto toc\u00f3 con potente energ\u00eda sus instrumentos para hacer vibrar la Plaza de la Victoria.<\/p>\n<p>-Con una perfecta interacci\u00f3n con la audiencia, la agrupaci\u00f3n cant\u00f3 canciones como \u201cLa historia sin fin\u201d, \u201cSi te vas\u201d, \u201cEl Abandonao\u201d, entre otros \u00e9xitos que los han colocado como un referente a nivel nacional e internacional.<\/p>\n<p><a title=\"MVF_0451 [Espect\u00e1culos] Elefante en el Foro Art\u00edstico | Feria de Puebla 2019 | Plaza La Victoria en Los Fuertes de Loreto y Guadalupe | Fotograf\u00edas @MaraGlez_BTR \/ Edici\u00f3n y retoque www.pueblaexpres.com\" href=\"https:\/\/www.flickr.com\/photos\/manitas\/40761915283\/in\/album-72157680138619198\/\" data-flickr-embed=\"true\"><img loading=\"lazy\" decoding=\"async\" class=\"aligncenter\" src=\"https:\/\/live.staticflickr.com\/65535\/40761915283_3e672cb2aa.jpg\" alt=\"MVF_0451 [Espect\u00e1culos] Elefante en el Foro Art\u00edstico | Feria de Puebla 2019 | Plaza La Victoria en Los Fuertes de Loreto y Guadalupe | Fotograf\u00edas @MaraGlez_BTR \/ Edici\u00f3n y retoque www.pueblaexpres.com\" width=\"500\" height=\"333\" \/><\/a><script async src=\"\/\/embedr.flickr.com\/assets\/client-code.js\" charset=\"utf-8\"><\/script><\/p>\n<p>-Ni\u00f1os, j\u00f3venes y adultos, reunidos en un mismo lugar, se entregaron a sus \u00eddolos que los han marcado con sus temas.<\/p>\n<p>-Este domingo 27 de abril se presentar\u00e1 Marco Di Mauro en el Foro Art\u00edstico de la Feria de Puebla 2019, en punto de las 20:00 horas.<\/p>\n<p><a title=\"MVF_0466 [Espect\u00e1culos] Elefante en el Foro Art\u00edstico | Feria de Puebla 2019 | Plaza La Victoria en Los Fuertes de Loreto y Guadalupe | Fotograf\u00edas @MaraGlez_BTR \/ Edici\u00f3n y retoque www.pueblaexpres.com\" href=\"https:\/\/www.flickr.com\/photos\/manitas\/46811886165\/in\/album-72157680138619198\/\" data-flickr-embed=\"true\"><img loading=\"lazy\" decoding=\"async\" class=\"aligncenter\" src=\"https:\/\/live.staticflickr.com\/65535\/46811886165_798d3b56d7.jpg\" alt=\"MVF_0466 [Espect\u00e1culos] Elefante en el Foro Art\u00edstico | Feria de Puebla 2019 | Plaza La Victoria en Los Fuertes de Loreto y Guadalupe | Fotograf\u00edas @MaraGlez_BTR \/ Edici\u00f3n y retoque www.pueblaexpres.com\" width=\"500\" height=\"333\" \/><\/a><script async src=\"\/\/embedr.flickr.com\/assets\/client-code.js\" charset=\"utf-8\"><\/script><\/p>\n<p>Amigo lector le pedimos contin\u00fae al pendiente de nuestras redes sociales y nuestro portal en la secci\u00f3n ESPECT\u00c1CULOS, ya que en el encontrar\u00e1 los mejores eventos\u2026<\/p>\n<p><strong>LA OPINI\u00d3N EXPRESADA EN ESTA COLUMNA ES RESPONSABILIDAD DE QUIEN LA ESCRIBE Y NO BUSCA GENERAR CONFLICTOS ENTRE LOS INVOLUCRADOS, SINO GENERAR CONCIENCIA EN CADA LECTOR.<\/strong><\/p>\n<p>[miniflickr photoset_id=72157680138619198&amp;sortby=date-posted-asc&amp;per_page=23]<\/p>\n","protected":false},"excerpt":{"rendered":"<p>Redacci\u00f3n | Fotograf\u00edas Mara Gonz\u00e1lez @MaraGlez_BTR \/ Manuel Vela @Mv_ManuelVela #PueblaExpres @PueblaExpres EL POP ROCK DE ELEFANTE RETUMBA EL FORO ART\u00cdSTICO DE LA FERIA DE PUEBLA 2019 -Continuando con la diversidad musical de la edici\u00f3n 2019 de la Feria de Puebla, se present\u00f3 la banda \u201cElefante\u201d, la cual desde los primeros acordes maravill\u00f3 al auditorio [&hellip;]<\/p>\n","protected":false},"author":2,"featured_media":10330,"comment_status":"open","ping_status":"open","sticky":false,"template":"","format":"standard","meta":{"footnotes":""},"categories":[8,42,166,170,36,171,1,7],"tags":[],"_links":{"self":[{"href":"https:\/\/pueblaexpres.com\/portal\/index.php?rest_route=\/wp\/v2\/posts\/10329"}],"collection":[{"href":"https:\/\/pueblaexpres.com\/portal\/index.php?rest_route=\/wp\/v2\/posts"}],"about":[{"href":"https:\/\/pueblaexpres.com\/portal\/index.php?rest_route=\/wp\/v2\/types\/post"}],"author":[{"embeddable":true,"href":"https:\/\/pueblaexpres.com\/portal\/index.php?rest_route=\/wp\/v2\/users\/2"}],"replies":[{"embeddable":true,"href":"https:\/\/pueblaexpres.com\/portal\/index.php?rest_route=%2Fwp%2Fv2%2Fcomments&post=10329"}],"version-history":[{"count":1,"href":"https:\/\/pueblaexpres.com\/portal\/index.php?rest_route=\/wp\/v2\/posts\/10329\/revisions"}],"predecessor-version":[{"id":10331,"href":"https:\/\/pueblaexpres.com\/portal\/index.php?rest_route=\/wp\/v2\/posts\/10329\/revisions\/10331"}],"wp:featuredmedia":[{"embeddable":true,"href":"https:\/\/pueblaexpres.com\/portal\/index.php?rest_route=\/wp\/v2\/media\/10330"}],"wp:attachment":[{"href":"https:\/\/pueblaexpres.com\/portal\/index.php?rest_route=%2Fwp%2Fv2%2Fmedia&parent=10329"}],"wp:term":[{"taxonomy":"category","embeddable":true,"href":"https:\/\/pueblaexpres.com\/portal\/index.php?rest_route=%2Fwp%2Fv2%2Fcategories&post=10329"},{"taxonomy":"post_tag","embeddable":true,"href":"https:\/\/pueblaexpres.com\/portal\/index.php?rest_route=%2Fwp%2Fv2%2Ftags&post=10329"}],"curies":[{"name":"wp","href":"https:\/\/api.w.org\/{rel}","templated":true}]}}