{"id":1032,"date":"2011-11-22T19:03:50","date_gmt":"2011-11-23T01:03:50","guid":{"rendered":"https:\/\/pueblaexpres.com\/portal\/?p=1032"},"modified":"2011-11-22T20:18:35","modified_gmt":"2011-11-23T02:18:35","slug":"el-puebla-fc-voltea-a-sus-fuerzas-basicas","status":"publish","type":"post","link":"https:\/\/pueblaexpres.com\/portal\/?p=1032","title":{"rendered":"El Puebla FC toma en cuenta a sus fuerzas b\u00e1sicas"},"content":{"rendered":"<div name=\"googleone_share_1\" style=\"position:relative;z-index:5;float: right; margin-left: 10px;\"><g:plusone size=\"tall\" count=\"1\" href=\"https:\/\/pueblaexpres.com\/portal\/?p=1032\"><\/g:plusone><\/div><p><a title=\"DSC_001 En exclusiva El Puebla FC voltea a sus fuerzas b\u00e1sicas previo al Torneo Clausura 2012 por Mv Fotograf\u00eda Profesional \/ www.pueblaexpres.com  by Manuel Vela - MV Fotograf\u00eda Profesional, on Flickr\" href=\"http:\/\/www.flickr.com\/photos\/manitas\/6386281313\/\"><img loading=\"lazy\" decoding=\"async\" class=\"alignleft\" style=\"margin-left: 5px; margin-right: 5px;\" src=\"http:\/\/farm8.staticflickr.com\/7157\/6386281313_0792649680_m.jpg\" alt=\"DSC_001 En exclusiva El Puebla FC voltea a sus fuerzas b\u00e1sicas previo al Torneo Clausura 2012 por Mv Fotograf\u00eda Profesional \/ www.pueblaexpres.com \" width=\"240\" height=\"160\" \/><\/a> Puebla., Puebla a 22 de Noviembre 2011<\/p>\n<p>El Puebla de la Franja contin\u00faa su preparaci\u00f3n y ahora lo hizo en el m\u00edtico y emblem\u00e1tico estadio Cuauht\u00e9moc, inmueble ubicado en la colonia Maravillas de la bella Angelopolis.<br \/>\nMuy temprano el cuadro camotero salto al empastado, los dirigidos por Pompilio P\u00e1ez y Joel S\u00e1nchez al mando del equipo (dupla) le han inyectado din\u00e1mica y entrega a la totalidad del plantel, sin lugar a dudas se vislumbra un excelente torneo para el \u201cblanqui\u201d que se prepara con gran intensidad para encarar el Torneo Clausura 2012<br \/>\nEl ausente hasta el momento es el Norteamericano Damarcus Beasley, ya que el Ib\u00e9rico Luis Garc\u00eda entrena ya con el equipo.<\/p>\n<p>As\u00ed como d\u00e1bamos a conocer la incorporaci\u00f3n de Juan Pablo Garc\u00eda \u201cEl Loquito\u201d al primer equipo, es importante mencionar la oportunidad que se les brinda a los juveniles canteranos como lo son MARCO RAM\u00cdREZ, PABLO GONZ\u00c1LEZ Y JES\u00daS IV\u00c1N RODR\u00cdGUEZ.<\/p>\n<p>Al final del la practica platicamos con Marco Ram\u00edrez quien comenta \u201cLa oportunidad (el llamado) me lo brinda Hugo Fern\u00e1ndez, mi posici\u00f3n es lateral derecho, tengo 21 a\u00f1os, estuve en fuerzas b\u00e1sicas del club (Puebla), participe dos a\u00f1os con Lobos; me incorpore de nueva cuenta al Puebla y en la temporada que concluyo participe en varios encuentros con la sub 20\u201d.<br \/>\nPor su parte Jes\u00fas Iv\u00e1n Rodr\u00edguez nos comenta \u201cEstoy aqu\u00ed gracias a la confianza que se me ha brindado, de manera regular entreno con el primer equipo\u201d,\u201dtodos los d\u00edas me levanto con la firme intensi\u00f3n de hacer bien las cosas y de lograr un lugar con el primer equipo, tengo 18 a\u00f1os, mi posici\u00f3n es portero y participe en todos los encuentros de la sub 20\u201d.<br \/>\nEn tanto Pablo Gonz\u00e1lez asegura \u201ces muy importante para nosotros, siempre estamos con la ilusi\u00f3n (en la sub 20) de ser considerados para el primer equipo, estoy muy contento por esta oportunidad\u201d, al ser cuestionado por un sitio dentro del equipo comento \u201csi quiero permanecer aqu\u00ed debo de dar mi m\u00e1ximo esfuerzo y debe de ser desde los entrenamientos\u201d, \u201cla base de \u00e9xito es la constancia, la tenacidad y luchar por nuestros ideales (debutar con el primer equipo)\u201d asevero<br \/>\n[miniflickr photoset_id=72157628104271253&amp;sortby=date-posted-asc&amp;per_page=20]<\/p>\n<p><a href=\"http:\/\/www.flickr.com\/photos\/manitas\/sets\/72157628104271253\/\" target=\"_blank\"><strong>El Puebla FC voltea a sus fuerzas b\u00e1sicas<\/strong><\/a><\/p>\n<p>&#8211;<\/p>\n","protected":false},"excerpt":{"rendered":"<p>Puebla., Puebla a 22 de Noviembre 2011 El Puebla de la Franja contin\u00faa su preparaci\u00f3n y ahora lo hizo en el m\u00edtico y emblem\u00e1tico estadio Cuauht\u00e9moc, inmueble ubicado en la colonia Maravillas de la bella Angelopolis. Muy temprano el cuadro camotero salto al empastado, los dirigidos por Pompilio P\u00e1ez y Joel S\u00e1nchez al mando del [&hellip;]<\/p>\n","protected":false},"author":1,"featured_media":0,"comment_status":"open","ping_status":"open","sticky":false,"template":"","format":"standard","meta":{"footnotes":""},"categories":[79],"tags":[],"_links":{"self":[{"href":"https:\/\/pueblaexpres.com\/portal\/index.php?rest_route=\/wp\/v2\/posts\/1032"}],"collection":[{"href":"https:\/\/pueblaexpres.com\/portal\/index.php?rest_route=\/wp\/v2\/posts"}],"about":[{"href":"https:\/\/pueblaexpres.com\/portal\/index.php?rest_route=\/wp\/v2\/types\/post"}],"author":[{"embeddable":true,"href":"https:\/\/pueblaexpres.com\/portal\/index.php?rest_route=\/wp\/v2\/users\/1"}],"replies":[{"embeddable":true,"href":"https:\/\/pueblaexpres.com\/portal\/index.php?rest_route=%2Fwp%2Fv2%2Fcomments&post=1032"}],"version-history":[{"count":3,"href":"https:\/\/pueblaexpres.com\/portal\/index.php?rest_route=\/wp\/v2\/posts\/1032\/revisions"}],"predecessor-version":[{"id":1035,"href":"https:\/\/pueblaexpres.com\/portal\/index.php?rest_route=\/wp\/v2\/posts\/1032\/revisions\/1035"}],"wp:attachment":[{"href":"https:\/\/pueblaexpres.com\/portal\/index.php?rest_route=%2Fwp%2Fv2%2Fmedia&parent=1032"}],"wp:term":[{"taxonomy":"category","embeddable":true,"href":"https:\/\/pueblaexpres.com\/portal\/index.php?rest_route=%2Fwp%2Fv2%2Fcategories&post=1032"},{"taxonomy":"post_tag","embeddable":true,"href":"https:\/\/pueblaexpres.com\/portal\/index.php?rest_route=%2Fwp%2Fv2%2Ftags&post=1032"}],"curies":[{"name":"wp","href":"https:\/\/api.w.org\/{rel}","templated":true}]}}