{"id":1028,"date":"2011-11-21T18:54:17","date_gmt":"2011-11-22T00:54:17","guid":{"rendered":"https:\/\/pueblaexpres.com\/portal\/?p=1028"},"modified":"2011-11-21T18:54:17","modified_gmt":"2011-11-22T00:54:17","slug":"se-suma-al-puebla-fc-juan-pablo-%e2%80%9cloquito%e2%80%9d-garcia","status":"publish","type":"post","link":"https:\/\/pueblaexpres.com\/portal\/?p=1028","title":{"rendered":"Se suma al Puebla FC Juan Pablo \u201cLoquito\u201d Garc\u00eda"},"content":{"rendered":"<div name=\"googleone_share_1\" style=\"position:relative;z-index:5;float: right; margin-left: 10px;\"><g:plusone size=\"tall\" count=\"1\" href=\"https:\/\/pueblaexpres.com\/portal\/?p=1028\"><\/g:plusone><\/div><p><a title=\"DSC_0128 El Puebla FC entreno en las instalaciones de La Noria de cara al Torneo Clausura 2012 por Mv Fotograf\u00eda Profesional \/ www.pueblaexpres.com  by Manuel Vela - MV Fotograf\u00eda Profesional, on Flickr\" href=\"http:\/\/www.flickr.com\/photos\/manitas\/6379053707\/\"><img loading=\"lazy\" decoding=\"async\" class=\"alignleft\" style=\"margin-left: 5px; margin-right: 5px;\" src=\"http:\/\/farm7.staticflickr.com\/6031\/6379053707_2fd453b8e3_m.jpg\" alt=\"DSC_0128 El Puebla FC entreno en las instalaciones de La Noria de cara al Torneo Clausura 2012 por Mv Fotograf\u00eda Profesional \/ www.pueblaexpres.com \" width=\"240\" height=\"160\" \/><\/a> Puebla., Puebla a 21 de Noviembre 2011<\/p>\n<p>El Puebla de la Franja entreno en las instalaciones del Club Deportivo La Noria, lugar donde a partir del 27 de Septiembre de este a\u00f1o el cuadro blanquiazul adopta como su segunda casa.<br \/>\nInstalaciones ubicadas en Camino a San Martinito y Ori\u00f3n Sur, en la Colonia Emiliano Zapata, espacio dise\u00f1ado con precisi\u00f3n en beneficio del futbol, en ella se encuentran dos canchas de pasto artificial, un estadio con capacidad para 1500 espectadores, vestidores, regaderas, vestidor para \u00e1rbitros, sala de trofeos, una aula de clases y un centro de rehabilitaci\u00f3n equipado con tecnolog\u00eda de punta son parte de la infraestructura del club deportivo.<br \/>\nEn estas bellas instalaciones el cuadro poblano se prepara al mando del auxiliar t\u00e9cnico, Pompilio P\u00e1ez y Joel S\u00e1nchez para encarar los trabajos de pretemporada, de cara a los encuentros que sostendr\u00e1 en el Torneo Clausura 2012.<br \/>\nLos ausentes hasta el momento son el Norteamericano Damarcus Beasley y el Ib\u00e9rico Luis Garc\u00eda, pero la sorpresa la da el cuadro camotero al tener en la pr\u00e1ctica a Juan Pablo Garc\u00eda Contreras quien se suma a los trabajos, el joven delantero oriundo de Guadalajara Jalisco con amplia experiencia en el Futbol Mexicano y en la MLS ,milito en los equipos Atlas, Chivas USA; Tigres de la UANL, Jaguares de Chiapas y Veracruz.<br \/>\nJuan Pablo Garc\u00eda apodado \u201cEl Loquito\u201d se mostro voluntarioso, con \u00edmpetu y deseos de \u201cllenarle el ojo\u201d a los auxiliares y por qu\u00e9 no ser contemplado para el primer equipo.<br \/>\nAl final del la practica Pompilio P\u00e1ez comento: \u201cTenemos la misi\u00f3n de codificar, ver las caracter\u00edsticas de cada uno de los jugadores, ya s\u00e9 todos los nombres, posiciones, minutos jugados, goleadores, los problemas que tuvieron algunos\u201d, explic\u00f3 el colombiano, \u201cVi los partidos ante Monterrey y ya es m\u00e1s f\u00e1cil el an\u00e1lisis que se hace y esta semana comenzamos a hacer trabajos de presi\u00f3n, lo que se busca, la rotaci\u00f3n r\u00e1pida del bal\u00f3n, de jugar por banda y vamos estructurando el trabajo con miras al futuro\u201d, a\u00f1adi\u00f3.<br \/>\n\u201cEstamos manejando un 4-3-3, ese es uno de los esquemas preferidos, viendo la caracter\u00edstica de cada jugador. Los titulares se cambiar\u00e1n con los elementos de banco y eso lo haremos\u201d, indic\u00f3.<br \/>\n\u201cTuvieron un paro de 10 d\u00edas y de todas formas veo al equipo con muy buena actitud, mejor disposici\u00f3n y me llevo buena impresi\u00f3n de la forma que compiten. El mexicano tiene determinada t\u00e9cnica y creo que eso es bueno\u201d, expres\u00f3.<br \/>\n[miniflickr photoset_id=72157628086867309&amp;sortby=date-posted-asc&amp;per_page=20]<\/p>\n<p><a href=\"http:\/\/www.flickr.com\/photos\/manitas\/sets\/72157628086867309\/\" target=\"_blank\"><strong>Se suma al Puebla FC Juan Pablo \u201cLoquito\u201d Garc\u00eda<\/strong><\/a><\/p>\n<p>&#8211;<\/p>\n","protected":false},"excerpt":{"rendered":"<p>Puebla., Puebla a 21 de Noviembre 2011 El Puebla de la Franja entreno en las instalaciones del Club Deportivo La Noria, lugar donde a partir del 27 de Septiembre de este a\u00f1o el cuadro blanquiazul adopta como su segunda casa. Instalaciones ubicadas en Camino a San Martinito y Ori\u00f3n Sur, en la Colonia Emiliano Zapata, [&hellip;]<\/p>\n","protected":false},"author":1,"featured_media":0,"comment_status":"open","ping_status":"open","sticky":false,"template":"","format":"standard","meta":{"footnotes":""},"categories":[79,13],"tags":[],"_links":{"self":[{"href":"https:\/\/pueblaexpres.com\/portal\/index.php?rest_route=\/wp\/v2\/posts\/1028"}],"collection":[{"href":"https:\/\/pueblaexpres.com\/portal\/index.php?rest_route=\/wp\/v2\/posts"}],"about":[{"href":"https:\/\/pueblaexpres.com\/portal\/index.php?rest_route=\/wp\/v2\/types\/post"}],"author":[{"embeddable":true,"href":"https:\/\/pueblaexpres.com\/portal\/index.php?rest_route=\/wp\/v2\/users\/1"}],"replies":[{"embeddable":true,"href":"https:\/\/pueblaexpres.com\/portal\/index.php?rest_route=%2Fwp%2Fv2%2Fcomments&post=1028"}],"version-history":[{"count":1,"href":"https:\/\/pueblaexpres.com\/portal\/index.php?rest_route=\/wp\/v2\/posts\/1028\/revisions"}],"predecessor-version":[{"id":1029,"href":"https:\/\/pueblaexpres.com\/portal\/index.php?rest_route=\/wp\/v2\/posts\/1028\/revisions\/1029"}],"wp:attachment":[{"href":"https:\/\/pueblaexpres.com\/portal\/index.php?rest_route=%2Fwp%2Fv2%2Fmedia&parent=1028"}],"wp:term":[{"taxonomy":"category","embeddable":true,"href":"https:\/\/pueblaexpres.com\/portal\/index.php?rest_route=%2Fwp%2Fv2%2Fcategories&post=1028"},{"taxonomy":"post_tag","embeddable":true,"href":"https:\/\/pueblaexpres.com\/portal\/index.php?rest_route=%2Fwp%2Fv2%2Ftags&post=1028"}],"curies":[{"name":"wp","href":"https:\/\/api.w.org\/{rel}","templated":true}]}}