{"id":1012,"date":"2011-11-09T16:01:12","date_gmt":"2011-11-09T22:01:12","guid":{"rendered":"https:\/\/pueblaexpres.com\/portal\/?p=1012"},"modified":"2011-11-09T16:01:12","modified_gmt":"2011-11-09T22:01:12","slug":"convocatoria-legion-dragon","status":"publish","type":"post","link":"https:\/\/pueblaexpres.com\/portal\/?p=1012","title":{"rendered":"Convocatoria Legi\u00f3n Drag\u00f3n"},"content":{"rendered":"<div name=\"googleone_share_1\" style=\"position:relative;z-index:5;float: right; margin-left: 10px;\"><g:plusone size=\"tall\" count=\"1\" href=\"https:\/\/pueblaexpres.com\/portal\/?p=1012\"><\/g:plusone><\/div><p><a title=\"Convocatoria Legi\u00f3n Drag\u00f3n by Manuel Vela - MV Fotograf\u00eda Profesional, on Flickr\" href=\"http:\/\/www.flickr.com\/photos\/manitas\/6329339431\/\"><img loading=\"lazy\" decoding=\"async\" src=\"http:\/\/farm7.static.flickr.com\/6044\/6329339431_03819fa52a.jpg\" alt=\"Convocatoria Legi\u00f3n Drag\u00f3n\" width=\"500\" height=\"375\" \/><\/a><\/p>\n<p>Convocatoria Legi\u00f3n Drag\u00f3n<\/p>\n<p>Manuel Vela| LAE Manuel Vela Flickr \u2013 Facebook \/\/ Fotograf\u00eda Manuel Vela www.pueblaexpres.com<br \/>\nPuebla., Puebla a 08 de Noviembre 2011<\/p>\n<p>Se informa a la Afici\u00f3n Poblana, integrantes de la Barra Legi\u00f3n Drag\u00f3n, Lideres de Barrio y a las Barras Unidas de Puebla que se abre el proceso de INSCRIPCI\u00d3N O RENOVACI\u00d3N DE INSCRIPCI\u00d3N para el siguiente TORNEO.<\/p>\n<p>Si deseas vivir esta experiencia\u2026 ESTE ES EL MOMENTO<\/p>\n<p>Apoyemos al Puebla FC de Local y Visitante<\/p>\n<p>Esta semana del 07 al 11 de Nov. 2011 PRECIO ESPECIAL<\/p>\n<p>Informes en La Cueva del Drag\u00f3n (Calle Malintzi N.37 Col Malintzi) cel. 22 21 32 37 02.<\/p>\n<p>Tu amigo Manuel Vela | Mv Fotograf\u00eda Profesional Te invita.<\/p>\n<p>Somos muchos m\u00e1s que 11 \u2026<\/p>\n<p>PUEBLA: &#8220;Tu grandeza no se mide en CAMPEONATOS, sino en la pasi\u00f3n que provocas en toda esta gente que realmente te adora&#8221;<br \/>\nSEFIROT<\/p>\n","protected":false},"excerpt":{"rendered":"<p>Convocatoria Legi\u00f3n Drag\u00f3n Manuel Vela| LAE Manuel Vela Flickr \u2013 Facebook \/\/ Fotograf\u00eda Manuel Vela www.pueblaexpres.com Puebla., Puebla a 08 de Noviembre 2011 Se informa a la Afici\u00f3n Poblana, integrantes de la Barra Legi\u00f3n Drag\u00f3n, Lideres de Barrio y a las Barras Unidas de Puebla que se abre el proceso de INSCRIPCI\u00d3N O RENOVACI\u00d3N DE [&hellip;]<\/p>\n","protected":false},"author":1,"featured_media":0,"comment_status":"open","ping_status":"open","sticky":false,"template":"","format":"standard","meta":{"footnotes":""},"categories":[8],"tags":[],"_links":{"self":[{"href":"https:\/\/pueblaexpres.com\/portal\/index.php?rest_route=\/wp\/v2\/posts\/1012"}],"collection":[{"href":"https:\/\/pueblaexpres.com\/portal\/index.php?rest_route=\/wp\/v2\/posts"}],"about":[{"href":"https:\/\/pueblaexpres.com\/portal\/index.php?rest_route=\/wp\/v2\/types\/post"}],"author":[{"embeddable":true,"href":"https:\/\/pueblaexpres.com\/portal\/index.php?rest_route=\/wp\/v2\/users\/1"}],"replies":[{"embeddable":true,"href":"https:\/\/pueblaexpres.com\/portal\/index.php?rest_route=%2Fwp%2Fv2%2Fcomments&post=1012"}],"version-history":[{"count":2,"href":"https:\/\/pueblaexpres.com\/portal\/index.php?rest_route=\/wp\/v2\/posts\/1012\/revisions"}],"predecessor-version":[{"id":1014,"href":"https:\/\/pueblaexpres.com\/portal\/index.php?rest_route=\/wp\/v2\/posts\/1012\/revisions\/1014"}],"wp:attachment":[{"href":"https:\/\/pueblaexpres.com\/portal\/index.php?rest_route=%2Fwp%2Fv2%2Fmedia&parent=1012"}],"wp:term":[{"taxonomy":"category","embeddable":true,"href":"https:\/\/pueblaexpres.com\/portal\/index.php?rest_route=%2Fwp%2Fv2%2Fcategories&post=1012"},{"taxonomy":"post_tag","embeddable":true,"href":"https:\/\/pueblaexpres.com\/portal\/index.php?rest_route=%2Fwp%2Fv2%2Ftags&post=1012"}],"curies":[{"name":"wp","href":"https:\/\/api.w.org\/{rel}","templated":true}]}}