{"id":100,"date":"2011-02-16T16:07:19","date_gmt":"2011-02-16T22:07:19","guid":{"rendered":"https:\/\/pueblaexpres.com\/portal\/?p=100"},"modified":"2011-02-16T16:12:55","modified_gmt":"2011-02-16T22:12:55","slug":"presentacion-del-timonel-poblano","status":"publish","type":"post","link":"https:\/\/pueblaexpres.com\/portal\/?p=100","title":{"rendered":"Presentaci\u00f3n del Timonel Poblano"},"content":{"rendered":"<div name=\"googleone_share_1\" style=\"position:relative;z-index:5;float: right; margin-left: 10px;\"><g:plusone size=\"tall\" count=\"1\" href=\"https:\/\/pueblaexpres.com\/portal\/?p=100\"><\/g:plusone><\/div><p><a title=\"IMG_0293 H\u00e9ctor Hugo Eugui fue presentado oficialmente como entrenador del Puebla FC por LAE Manuel Vela by Manuel Vela - MV Fotograf\u00eda Profesional, on Flickr\" href=\"http:\/\/www.flickr.com\/photos\/manitas\/5452012272\/\"><img loading=\"lazy\" decoding=\"async\" class=\"alignleft\" style=\"margin-left: 5px; margin-right: 5px;\" src=\"http:\/\/farm6.static.flickr.com\/5177\/5452012272_4a0d26272b_m.jpg\" alt=\"IMG_0293 H\u00e9ctor Hugo Eugui fue presentado oficialmente como entrenador del Puebla FC por LAE Manuel Vela\" width=\"240\" height=\"160\" \/><\/a> Con labor a doble sesi\u00f3n e infundiendo a sus nuevos dirigidos \u2018hambre de triunfo\u2019, fue como este martes se present\u00f3 H\u00e9ctor Hugo Eugui en la Angel\u00f3polis. El charr\u00faa, quien en palabras del due\u00f1o de La Franja Ricardo Henaine, es el hombre indicado para asumir el tim\u00f3n del Puebla, se comprometi\u00f3 en rueda de prensa a llevar a los blanquiazules a la Fiesta Grande.<br \/>\nEllo, a\u00fan luego de que reconoci\u00f3 que no es el mago \u2018Mandrake\u2019 para cambiar el rostro del cuadro Camotero de la noche a la ma\u00f1ana, aludiendo que s\u00f3lo con trabajo se revertir\u00e1 el mal paso y se cumplir\u00e1n con las expectativas generadas a comienzos de campa\u00f1a.\u201cS\u00ed me comprometo que nosotros (La Franja) tenemos que jugar la Liguilla, \u00bfqu\u00e9 no es f\u00e1cil conseguirla?, pues s\u00ed. Pero \u00bfqu\u00e9 quieren que les diga?, \u00bfqu\u00e9 venimos (el nuevo cuerpo t\u00e9cnico) a salvarles (del descenso)? As\u00ed que Puebla tiene que mostrar con sus futbolistas en el campo de juego que est\u00e1 para grandes cosas y eso vamos a buscar.<br \/>\n\u201cSabemos que no es f\u00e1cil hacerlo tan pronto, s\u00e9 que no soy \u2018Mandrake el Mago\u2019. Pero s\u00ed s\u00e9 que tenemos que poseer los argumentos necesarios para que el plantel capte la idea (futbol\u00edstica) y s\u00e9 que tenemos unos cuantos d\u00edas para mostrar el domingo (ante Jaguares) de lo que son capaces los futbolistas\u201d, sentenci\u00f3 el flamante t\u00e1ctico poblano.<\/p>\n<p>[miniflickr photoset_id=72157626069876456&amp;sortby=date-posted-asc&amp;per_page=10]<\/p>\n<p><a href=\"http:\/\/www.flickr.com\/photos\/manitas\/sets\/72157626069876456\/\">ver mas fotos de la Presentaci\u00f3n del Timonel Poblano <\/a><\/p>\n","protected":false},"excerpt":{"rendered":"<p>Con labor a doble sesi\u00f3n e infundiendo a sus nuevos dirigidos \u2018hambre de triunfo\u2019, fue como este martes se present\u00f3 H\u00e9ctor Hugo Eugui en la Angel\u00f3polis. El charr\u00faa, quien en palabras del due\u00f1o de La Franja Ricardo Henaine, es el hombre indicado para asumir el tim\u00f3n del Puebla, se comprometi\u00f3 en rueda de prensa a [&hellip;]<\/p>\n","protected":false},"author":1,"featured_media":0,"comment_status":"open","ping_status":"open","sticky":false,"template":"","format":"standard","meta":{"footnotes":""},"categories":[3],"tags":[],"_links":{"self":[{"href":"https:\/\/pueblaexpres.com\/portal\/index.php?rest_route=\/wp\/v2\/posts\/100"}],"collection":[{"href":"https:\/\/pueblaexpres.com\/portal\/index.php?rest_route=\/wp\/v2\/posts"}],"about":[{"href":"https:\/\/pueblaexpres.com\/portal\/index.php?rest_route=\/wp\/v2\/types\/post"}],"author":[{"embeddable":true,"href":"https:\/\/pueblaexpres.com\/portal\/index.php?rest_route=\/wp\/v2\/users\/1"}],"replies":[{"embeddable":true,"href":"https:\/\/pueblaexpres.com\/portal\/index.php?rest_route=%2Fwp%2Fv2%2Fcomments&post=100"}],"version-history":[{"count":3,"href":"https:\/\/pueblaexpres.com\/portal\/index.php?rest_route=\/wp\/v2\/posts\/100\/revisions"}],"predecessor-version":[{"id":107,"href":"https:\/\/pueblaexpres.com\/portal\/index.php?rest_route=\/wp\/v2\/posts\/100\/revisions\/107"}],"wp:attachment":[{"href":"https:\/\/pueblaexpres.com\/portal\/index.php?rest_route=%2Fwp%2Fv2%2Fmedia&parent=100"}],"wp:term":[{"taxonomy":"category","embeddable":true,"href":"https:\/\/pueblaexpres.com\/portal\/index.php?rest_route=%2Fwp%2Fv2%2Fcategories&post=100"},{"taxonomy":"post_tag","embeddable":true,"href":"https:\/\/pueblaexpres.com\/portal\/index.php?rest_route=%2Fwp%2Fv2%2Ftags&post=100"}],"curies":[{"name":"wp","href":"https:\/\/api.w.org\/{rel}","templated":true}]}}